{"id":1903,"date":"2026-03-01T15:00:06","date_gmt":"2026-03-01T18:00:06","guid":{"rendered":"https:\/\/tvdiario.com.br\/comercial\/estupros-caem-245-no-alto-tiete-em-janeiro-aponta-ssp\/"},"modified":"2026-03-01T15:00:06","modified_gmt":"2026-03-01T18:00:06","slug":"estupros-caem-245-no-alto-tiete-em-janeiro-aponta-ssp","status":"publish","type":"post","link":"https:\/\/tvdiario.com.br\/comercial\/estupros-caem-245-no-alto-tiete-em-janeiro-aponta-ssp\/","title":{"rendered":"Estupros caem 24,5% no Alto Tiet\u00ea em janeiro, aponta SSP"},"content":{"rendered":"<div><img decoding=\"async\" src=\"https:\/\/tvdiario.com.br\/comercial\/wp-content\/uploads\/2026\/03\/whatsapp-image-2025-12-03-at-121636.jpeg\"><br \/>     Mogi das Cruzes foi a que mais registrou casos entre as dez cidades da regi\u00e3o<br \/>\nWilliam Tanida\/Tv Di\u00e1rio<br \/>\nO n\u00famero de estupros registrados no Alto Tiet\u00ea caiu 24,5% em janeiro de 2026, na compara\u00e7\u00e3o com o mesmo m\u00eas de 2025. Os dados s\u00e3o da Secretaria de Estado da Seguran\u00e7a P\u00fablica (SSP). Foram 40 casos neste ano, contra 53 no ano passado.<br \/>\nDos 40 casos registrados neste ano, 27 foram de estupro de vulner\u00e1vel. Esse tipo de crime representa 67,5% do total.<br \/>\n\ud83d\udd0e \u00c9 categorizado como estupro de vulner\u00e1vel quando o crime \u00e9 realizado contra pessoas menores de 14 anos, pessoas que n\u00e3o tem discernimento o necess\u00e1rio para a pr\u00e1tica do ato ou quando ela n\u00e3o pode oferecer resist\u00eancia.<br \/>\nEntre as dez cidades do Alto Tiet\u00ea, Mogi das Cruzes teve o maior n\u00famero de registros: 13. Itaquaquecetuba e Ferraz de Vasconcelos aparecem em seguida, com seis casos cada. Aruj\u00e1 teve cinco.Confira:<\/p>\n<p>Outros crimes tamb\u00e9m apresentaram queda na regi\u00e3o. Os homic\u00eddios passaram de 19 casos em janeiro de 2025 para 14 no mesmo per\u00edodo deste ano, uma redu\u00e7\u00e3o de 26,3%<br \/>\nVEJA MAIS<br \/>\nVeja os v\u00eddeos que est\u00e3o em alta no g1<br \/>\nCrimes contra o patrim\u00f4nio<br \/>\nNa regi\u00e3o, os roubos tamb\u00e9m diminu\u00edram. Foram 411 casos em janeiro deste ano, contra 543 no mesmo m\u00eas de 2025 \u2014 queda de 24,3%. Os roubos de ve\u00edculos tiveram redu\u00e7\u00e3o ainda maior, de 49%. Os registros passaram de 157 para 80.<br \/>\nOs furtos tamb\u00e9m ca\u00edram. Foram 1.106 registros neste ano, contra 1.142 no anterior. J\u00e1 os furtos de ve\u00edculos passaram de 288 para 194 casos.<br \/>\nAssista a mais not\u00edcias sobre o Alto Tiet\u00ea<\/p><\/div>\n","protected":false},"excerpt":{"rendered":"<p>Mogi das Cruzes foi a que mais registrou casos entre as dez cidades da regi\u00e3o William Tanida\/Tv Di\u00e1rio O n\u00famero de estupros registrados no Alto Tiet\u00ea caiu 24,5% em janeiro &#8230;<\/p>\n","protected":false},"author":3,"featured_media":1904,"comment_status":"closed","ping_status":"closed","sticky":false,"template":"","format":"standard","meta":{"footnotes":""},"categories":[18],"tags":[],"class_list":["post-1903","post","type-post","status-publish","format-standard","has-post-thumbnail","hentry","category-g1"],"_links":{"self":[{"href":"https:\/\/tvdiario.com.br\/comercial\/wp-json\/wp\/v2\/posts\/1903","targetHints":{"allow":["GET"]}}],"collection":[{"href":"https:\/\/tvdiario.com.br\/comercial\/wp-json\/wp\/v2\/posts"}],"about":[{"href":"https:\/\/tvdiario.com.br\/comercial\/wp-json\/wp\/v2\/types\/post"}],"author":[{"embeddable":true,"href":"https:\/\/tvdiario.com.br\/comercial\/wp-json\/wp\/v2\/users\/3"}],"replies":[{"embeddable":true,"href":"https:\/\/tvdiario.com.br\/comercial\/wp-json\/wp\/v2\/comments?post=1903"}],"version-history":[{"count":0,"href":"https:\/\/tvdiario.com.br\/comercial\/wp-json\/wp\/v2\/posts\/1903\/revisions"}],"wp:featuredmedia":[{"embeddable":true,"href":"https:\/\/tvdiario.com.br\/comercial\/wp-json\/wp\/v2\/media\/1904"}],"wp:attachment":[{"href":"https:\/\/tvdiario.com.br\/comercial\/wp-json\/wp\/v2\/media?parent=1903"}],"wp:term":[{"taxonomy":"category","embeddable":true,"href":"https:\/\/tvdiario.com.br\/comercial\/wp-json\/wp\/v2\/categories?post=1903"},{"taxonomy":"post_tag","embeddable":true,"href":"https:\/\/tvdiario.com.br\/comercial\/wp-json\/wp\/v2\/tags?post=1903"}],"curies":[{"name":"wp","href":"https:\/\/api.w.org\/{rel}","templated":true}]}}