{"id":1905,"date":"2026-03-01T18:31:27","date_gmt":"2026-03-01T21:31:27","guid":{"rendered":"https:\/\/tvdiario.com.br\/comercial\/caps-ii-em-mogi-das-cruzes-atende-em-novo-endereco-a-partir-desta-segunda-feira\/"},"modified":"2026-03-01T18:31:27","modified_gmt":"2026-03-01T21:31:27","slug":"caps-ii-em-mogi-das-cruzes-atende-em-novo-endereco-a-partir-desta-segunda-feira","status":"publish","type":"post","link":"https:\/\/tvdiario.com.br\/comercial\/caps-ii-em-mogi-das-cruzes-atende-em-novo-endereco-a-partir-desta-segunda-feira\/","title":{"rendered":"Caps II em Mogi das Cruzes atende em novo endere\u00e7o a partir desta segunda-feira"},"content":{"rendered":"<div><img decoding=\"async\" src=\"https:\/\/tvdiario.com.br\/comercial\/wp-content\/uploads\/2026\/03\/2026022715392569a1e4ddc8ab0-co-1-.png\"><br \/>     Caps II vai passar a atender em Br\u00e1s Cubas a partir desta segunda-feira (2)<br \/>\nDivulga\u00e7\u00e3o\/PMMC<br \/>\nO Centro de Aten\u00e7\u00e3o Psicossocial (Caps) II de Mogi das Cruzes, vai passar a atender em novo endere\u00e7o, a partir desta segunda-feira (2).<br \/>\nA unidade que funcionava no Rodeio agora vai atender aos pacientes na avenida Valentina de Mello Freire Borenstein, 764, em Br\u00e1s Cubas, em frente ao Parque Leon Feffer.<br \/>\n\u2705 Clique para seguir o canal do g1 Mogi das Cruzes e Suzano no WhatsApp<br \/>\nDe acordo com a Prefeitura de Mogi das Cruzes, a mudan\u00e7a faz parte da reestrutura\u00e7\u00e3o dos servi\u00e7os de sa\u00fade mental na cidade. Todos os pacientes atendidos na unidade foram avisados do novo endere\u00e7o.<br \/>\nEm 2025, os Caps do munic\u00edpio atenderam 6.573 pacientes. O centro faz parte de uma rede de servi\u00e7os para tratamento em sa\u00fade mental.<br \/>\nLeia mais<br \/>\nAlto Tiet\u00ea tem mais de 130 vagas para est\u00e1gio e jovem aprendiz nesta sexta; confira lista<br \/>\nCaps \u00c1lcool e Drogas inicia atendimento em Mogi das Cruzes<br \/>\nVeja tudo sobre o Alto Tiet\u00ea<\/div>\n","protected":false},"excerpt":{"rendered":"<p>Caps II vai passar a atender em Br\u00e1s Cubas a partir desta segunda-feira (2) Divulga\u00e7\u00e3o\/PMMC O Centro de Aten\u00e7\u00e3o Psicossocial (Caps) II de Mogi das Cruzes, vai passar a atender &#8230;<\/p>\n","protected":false},"author":3,"featured_media":1906,"comment_status":"closed","ping_status":"closed","sticky":false,"template":"","format":"standard","meta":{"footnotes":""},"categories":[18],"tags":[],"class_list":["post-1905","post","type-post","status-publish","format-standard","has-post-thumbnail","hentry","category-g1"],"_links":{"self":[{"href":"https:\/\/tvdiario.com.br\/comercial\/wp-json\/wp\/v2\/posts\/1905","targetHints":{"allow":["GET"]}}],"collection":[{"href":"https:\/\/tvdiario.com.br\/comercial\/wp-json\/wp\/v2\/posts"}],"about":[{"href":"https:\/\/tvdiario.com.br\/comercial\/wp-json\/wp\/v2\/types\/post"}],"author":[{"embeddable":true,"href":"https:\/\/tvdiario.com.br\/comercial\/wp-json\/wp\/v2\/users\/3"}],"replies":[{"embeddable":true,"href":"https:\/\/tvdiario.com.br\/comercial\/wp-json\/wp\/v2\/comments?post=1905"}],"version-history":[{"count":0,"href":"https:\/\/tvdiario.com.br\/comercial\/wp-json\/wp\/v2\/posts\/1905\/revisions"}],"wp:featuredmedia":[{"embeddable":true,"href":"https:\/\/tvdiario.com.br\/comercial\/wp-json\/wp\/v2\/media\/1906"}],"wp:attachment":[{"href":"https:\/\/tvdiario.com.br\/comercial\/wp-json\/wp\/v2\/media?parent=1905"}],"wp:term":[{"taxonomy":"category","embeddable":true,"href":"https:\/\/tvdiario.com.br\/comercial\/wp-json\/wp\/v2\/categories?post=1905"},{"taxonomy":"post_tag","embeddable":true,"href":"https:\/\/tvdiario.com.br\/comercial\/wp-json\/wp\/v2\/tags?post=1905"}],"curies":[{"name":"wp","href":"https:\/\/api.w.org\/{rel}","templated":true}]}}