{"id":1909,"date":"2026-03-02T18:15:06","date_gmt":"2026-03-02T21:15:06","guid":{"rendered":"https:\/\/tvdiario.com.br\/comercial\/homem-e-preso-e-dois-adolescentes-sao-apreendidos-por-furto-a-escolas-em-suzano\/"},"modified":"2026-03-02T18:15:06","modified_gmt":"2026-03-02T21:15:06","slug":"homem-e-preso-e-dois-adolescentes-sao-apreendidos-por-furto-a-escolas-em-suzano","status":"publish","type":"post","link":"https:\/\/tvdiario.com.br\/comercial\/homem-e-preso-e-dois-adolescentes-sao-apreendidos-por-furto-a-escolas-em-suzano\/","title":{"rendered":"Homem \u00e9 preso e dois adolescentes s\u00e3o apreendidos por furto\u00a0a escolas em Suzano"},"content":{"rendered":"<div><img decoding=\"async\" src=\"https:\/\/tvdiario.com.br\/comercial\/wp-content\/uploads\/2026\/03\/whatsapp-image-2017-07-17-at-194146.jpg\"><br \/>     Os dois casos foram registrados na Delegacia Central de Suzano<br \/>\nAlessandro Batata\/TV Di\u00e1rio<br \/>\nUm homem foi preso e dois adolescentes apreendidos pela Guarda Civil Municipal (GCM) de Suzano, suspeitos de furtarem duas escolas da rede municipal neste fim de semana.<br \/>\nDe acordo com a Prefeitura de Suzano, no s\u00e1bado (28), um homem invadiu a escola Municipal Professor Oscar de Almeida Redondo, na Vila Urup\u00eas, e furtou um micro-ondas.<br \/>\n\u2705 Clique para seguir o canal do g1 Mogi das Cruzes e Suzano no WhatsApp<br \/>\nAo chegarem ao local, os guardas constataram que um agente de seguran\u00e7a da unidade havia detido o suspeito at\u00e9 a chegada da equipe. Ele foi levado \u00e0 Delegacia Central da cidade, onde o caso foi registrado. A per\u00edcia t\u00e9cnica foi acionada devido aos danos e rompimentos nas portas da escola.<br \/>\nJ\u00e1 no domingo (1\u00ba), dois adolescentes furtaram uma bicicleta da Escola Municipal Professora M\u00e9rcia Amaral Andrade de Brito, no Parque Residencial Casa Branca.<br \/>\nOs guardas localizaram os suspeitos nas proximidades da Escola Estadual Alfredo Roberto. De acordo com a Prefeitura, eles confessaram o furto.<br \/>\nA administra\u00e7\u00e3o municipal informou que, os adolescentes acompanhados dos pais tamb\u00e9m foram encaminhados ao DP Central para registro da ocorr\u00eancia.<br \/>\nLeia mais<br \/>\nEstupros caem 24,5% no Alto Tiet\u00ea em janeiro, aponta SSP<br \/>\nInc\u00eandio atinge duas casas em Suzano<br \/>\nEscola de Suzano registra v\u00e1rias ocorr\u00eancias de roubo e furto e gera inseguran\u00e7a nos pais<br \/>\nVeja tudo sobre o Alto Tiet\u00ea<\/div>\n","protected":false},"excerpt":{"rendered":"<p>Os dois casos foram registrados na Delegacia Central de Suzano Alessandro Batata\/TV Di\u00e1rio Um homem foi preso e dois adolescentes apreendidos pela Guarda Civil Municipal (GCM) de Suzano, suspeitos de &#8230;<\/p>\n","protected":false},"author":3,"featured_media":1910,"comment_status":"closed","ping_status":"closed","sticky":false,"template":"","format":"standard","meta":{"footnotes":""},"categories":[18],"tags":[],"class_list":["post-1909","post","type-post","status-publish","format-standard","has-post-thumbnail","hentry","category-g1"],"_links":{"self":[{"href":"https:\/\/tvdiario.com.br\/comercial\/wp-json\/wp\/v2\/posts\/1909","targetHints":{"allow":["GET"]}}],"collection":[{"href":"https:\/\/tvdiario.com.br\/comercial\/wp-json\/wp\/v2\/posts"}],"about":[{"href":"https:\/\/tvdiario.com.br\/comercial\/wp-json\/wp\/v2\/types\/post"}],"author":[{"embeddable":true,"href":"https:\/\/tvdiario.com.br\/comercial\/wp-json\/wp\/v2\/users\/3"}],"replies":[{"embeddable":true,"href":"https:\/\/tvdiario.com.br\/comercial\/wp-json\/wp\/v2\/comments?post=1909"}],"version-history":[{"count":0,"href":"https:\/\/tvdiario.com.br\/comercial\/wp-json\/wp\/v2\/posts\/1909\/revisions"}],"wp:featuredmedia":[{"embeddable":true,"href":"https:\/\/tvdiario.com.br\/comercial\/wp-json\/wp\/v2\/media\/1910"}],"wp:attachment":[{"href":"https:\/\/tvdiario.com.br\/comercial\/wp-json\/wp\/v2\/media?parent=1909"}],"wp:term":[{"taxonomy":"category","embeddable":true,"href":"https:\/\/tvdiario.com.br\/comercial\/wp-json\/wp\/v2\/categories?post=1909"},{"taxonomy":"post_tag","embeddable":true,"href":"https:\/\/tvdiario.com.br\/comercial\/wp-json\/wp\/v2\/tags?post=1909"}],"curies":[{"name":"wp","href":"https:\/\/api.w.org\/{rel}","templated":true}]}}