{"id":1913,"date":"2026-03-03T15:05:33","date_gmt":"2026-03-03T18:05:33","guid":{"rendered":"https:\/\/tvdiario.com.br\/comercial\/alto-tiete-perde-mais-de-2-mil-empregos-formais-em-janeiro-aponta-caged\/"},"modified":"2026-03-03T15:05:33","modified_gmt":"2026-03-03T18:05:33","slug":"alto-tiete-perde-mais-de-2-mil-empregos-formais-em-janeiro-aponta-caged","status":"publish","type":"post","link":"https:\/\/tvdiario.com.br\/comercial\/alto-tiete-perde-mais-de-2-mil-empregos-formais-em-janeiro-aponta-caged\/","title":{"rendered":"Alto Tiet\u00ea perde mais de 2 mil empregos formais em janeiro, aponta Caged"},"content":{"rendered":"<div><img decoding=\"async\" src=\"https:\/\/tvdiario.com.br\/comercial\/wp-content\/uploads\/2026\/03\/carteira-de-trabalho-digital-mcamgo-abr-240620211818-2.jpg\"><br \/>     Po\u00e1 registrou queda diminui\u00e7\u00e3o de 1.258 postos de trabalho<br \/>\nMarcelo Camargo\/Ag\u00eancia Brasil<br \/>\n\ud83d\udcbc O Alto Tiet\u00ea registrou queda de 2.184 no saldo de postos de trabalho em janeiro de 2026, segundo dados do Cadastro Geral de Empregados e Desempregados (Caged) divulgados pelo Minist\u00e9rio do Trabalho e Emprego nesta ter\u00e7a-feira (3).<br \/>\nSegundo o levantamento, a regi\u00e3o registrou em janeiro deste ano:<br \/>\n\u27a1\ufe0f 16.432 contrata\u00e7\u00f5es;<br \/>\n\u27a1\ufe0f 18.616 demiss\u00f5es.<br \/>\n\ud83d\udcc9  O resultado representa recuo 5560% em rela\u00e7\u00e3o a janeiro de 2025 \u2014 quando foram criados cerca de 40 empregos com carteira assinada. Ou seja, mais trabalhadores foram demitidos do que contratados.<br \/>\nEsse foi o pior resultado de um m\u00eas de janeiro desde a cria\u00e7\u00e3o do Novo Caged, em janeiro de 2020. Confira o gr\u00e1fico:<br \/>\nEntre as dez cidades da regi\u00e3o, Po\u00e1 foi a que teve o menor saldo no n\u00famero de pessoas empregadas, com uma diminui\u00e7\u00e3o de 1.258 postos de trabalho. Em seguida, aparecem Mogi das Cruzes, Suzano e Biritiba-Mirim.<br \/>\n\ud83d\udcc8 Mesmo com n\u00fameros baixos, Aruj\u00e1 foi a cidade com os melhores resultados, registrando a cria\u00e7\u00e3o de 260 postos de trabalho. Itaquaquecetuba, Ferraz de Vasconcelos, Guararema e Sales\u00f3polis tamb\u00e9m encerraram o m\u00eas com o saldo positivo.<br \/>\nBrasil<br \/>\nEm janeiro, o Brasil criou 112.334 empregos com carteira assinada<br \/>\nA economia brasileira gerou 112,3 mil empregos formais em janeiro deste ano. Ao todo, segundo o governo federal, foram registradas em janeiro:<br \/>\n2,2 milh\u00f5es de contrata\u00e7\u00f5es;<br \/>\n2,09 milh\u00f5es de demiss\u00f5es.<br \/>\nO resultado representa recuo de 27,2% em rela\u00e7\u00e3o a janeiro de 2025 \u2014 quando foram criados cerca de 154,4 mil empregos com carteira assinada.<br \/>\nAssista a mais not\u00edcias sobre o Alto Tiet\u00ea<\/div>\n","protected":false},"excerpt":{"rendered":"<p>Po\u00e1 registrou queda diminui\u00e7\u00e3o de 1.258 postos de trabalho Marcelo Camargo\/Ag\u00eancia Brasil \ud83d\udcbc O Alto Tiet\u00ea registrou queda de 2.184 no saldo de postos de trabalho em janeiro de 2026, &#8230;<\/p>\n","protected":false},"author":3,"featured_media":1914,"comment_status":"closed","ping_status":"closed","sticky":false,"template":"","format":"standard","meta":{"footnotes":""},"categories":[18],"tags":[],"class_list":["post-1913","post","type-post","status-publish","format-standard","has-post-thumbnail","hentry","category-g1"],"_links":{"self":[{"href":"https:\/\/tvdiario.com.br\/comercial\/wp-json\/wp\/v2\/posts\/1913","targetHints":{"allow":["GET"]}}],"collection":[{"href":"https:\/\/tvdiario.com.br\/comercial\/wp-json\/wp\/v2\/posts"}],"about":[{"href":"https:\/\/tvdiario.com.br\/comercial\/wp-json\/wp\/v2\/types\/post"}],"author":[{"embeddable":true,"href":"https:\/\/tvdiario.com.br\/comercial\/wp-json\/wp\/v2\/users\/3"}],"replies":[{"embeddable":true,"href":"https:\/\/tvdiario.com.br\/comercial\/wp-json\/wp\/v2\/comments?post=1913"}],"version-history":[{"count":0,"href":"https:\/\/tvdiario.com.br\/comercial\/wp-json\/wp\/v2\/posts\/1913\/revisions"}],"wp:featuredmedia":[{"embeddable":true,"href":"https:\/\/tvdiario.com.br\/comercial\/wp-json\/wp\/v2\/media\/1914"}],"wp:attachment":[{"href":"https:\/\/tvdiario.com.br\/comercial\/wp-json\/wp\/v2\/media?parent=1913"}],"wp:term":[{"taxonomy":"category","embeddable":true,"href":"https:\/\/tvdiario.com.br\/comercial\/wp-json\/wp\/v2\/categories?post=1913"},{"taxonomy":"post_tag","embeddable":true,"href":"https:\/\/tvdiario.com.br\/comercial\/wp-json\/wp\/v2\/tags?post=1913"}],"curies":[{"name":"wp","href":"https:\/\/api.w.org\/{rel}","templated":true}]}}