{"id":1915,"date":"2026-03-03T21:03:34","date_gmt":"2026-03-04T00:03:34","guid":{"rendered":"https:\/\/tvdiario.com.br\/comercial\/interdicao-na-estrada-do-pavan-altera-transito-nesta-quarta-em-mogi-das-cruzes\/"},"modified":"2026-03-03T21:03:34","modified_gmt":"2026-03-04T00:03:34","slug":"interdicao-na-estrada-do-pavan-altera-transito-nesta-quarta-em-mogi-das-cruzes","status":"publish","type":"post","link":"https:\/\/tvdiario.com.br\/comercial\/interdicao-na-estrada-do-pavan-altera-transito-nesta-quarta-em-mogi-das-cruzes\/","title":{"rendered":"Interdi\u00e7\u00e3o na Estrada do Pavan altera tr\u00e2nsito nesta quarta em Mogi das Cruzes"},"content":{"rendered":"<div><img decoding=\"async\" src=\"https:\/\/tvdiario.com.br\/comercial\/wp-content\/uploads\/2026\/03\/2025022615161667bf5a703dca0-1-.jpg\"><br \/>     Estrada do Pavan ficar\u00e1 totalmente interditada para servi\u00e7os de tapa-buraco<br \/>\nDivulga\u00e7\u00e3o\/Prefeitura de Mogi das Cruzes<br \/>\nA estrada do Evangelho Pleno, mais conhecida como estrada do Pavan, ser\u00e1 interditada nesta quarta-feira (4), das 9h \u00e0s 15h, para servi\u00e7os de tapa-buraco, segundo a Prefeitura de Mogi das Cruzes.<br \/>\nSegundo a prefeitura, o servi\u00e7o busca melhorar o tr\u00e1fego e aumentar a seguran\u00e7a no local.<br \/>\n\u2705 Clique para seguir o canal do g1 Mogi das Cruzes e Suzano no WhatsApp<br \/>\nA prefeitura orienta que motoristas que chegam pela Rodovia Mogi-Dutra redobrem a aten\u00e7\u00e3o. Durante a interdi\u00e7\u00e3o, os ve\u00edculos dever\u00e3o seguir pela Mogi-Dutra e acessar a Via Perimetral. O trecho estar\u00e1 sinalizado.<br \/>\nVeja os v\u00eddeos que est\u00e3o em alta no g1<br \/>\nA prefeitura informou que a estrada passa por manuten\u00e7\u00e3o peri\u00f3dica por causa do grande fluxo de ve\u00edculos, principalmente caminh\u00f5es.<br \/>\nA interdi\u00e7\u00e3o total, segundo a prefeitura, \u00e9 necess\u00e1ria por seguran\u00e7a. A estrada \u00e9 estreita, tem pista simples e os reparos atingem as duas faixas.<br \/>\nAssista a mais not\u00edcias<\/div>\n","protected":false},"excerpt":{"rendered":"<p>Estrada do Pavan ficar\u00e1 totalmente interditada para servi\u00e7os de tapa-buraco Divulga\u00e7\u00e3o\/Prefeitura de Mogi das Cruzes A estrada do Evangelho Pleno, mais conhecida como estrada do Pavan, ser\u00e1 interditada nesta quarta-feira &#8230;<\/p>\n","protected":false},"author":3,"featured_media":1916,"comment_status":"closed","ping_status":"closed","sticky":false,"template":"","format":"standard","meta":{"footnotes":""},"categories":[18],"tags":[],"class_list":["post-1915","post","type-post","status-publish","format-standard","has-post-thumbnail","hentry","category-g1"],"_links":{"self":[{"href":"https:\/\/tvdiario.com.br\/comercial\/wp-json\/wp\/v2\/posts\/1915","targetHints":{"allow":["GET"]}}],"collection":[{"href":"https:\/\/tvdiario.com.br\/comercial\/wp-json\/wp\/v2\/posts"}],"about":[{"href":"https:\/\/tvdiario.com.br\/comercial\/wp-json\/wp\/v2\/types\/post"}],"author":[{"embeddable":true,"href":"https:\/\/tvdiario.com.br\/comercial\/wp-json\/wp\/v2\/users\/3"}],"replies":[{"embeddable":true,"href":"https:\/\/tvdiario.com.br\/comercial\/wp-json\/wp\/v2\/comments?post=1915"}],"version-history":[{"count":0,"href":"https:\/\/tvdiario.com.br\/comercial\/wp-json\/wp\/v2\/posts\/1915\/revisions"}],"wp:featuredmedia":[{"embeddable":true,"href":"https:\/\/tvdiario.com.br\/comercial\/wp-json\/wp\/v2\/media\/1916"}],"wp:attachment":[{"href":"https:\/\/tvdiario.com.br\/comercial\/wp-json\/wp\/v2\/media?parent=1915"}],"wp:term":[{"taxonomy":"category","embeddable":true,"href":"https:\/\/tvdiario.com.br\/comercial\/wp-json\/wp\/v2\/categories?post=1915"},{"taxonomy":"post_tag","embeddable":true,"href":"https:\/\/tvdiario.com.br\/comercial\/wp-json\/wp\/v2\/tags?post=1915"}],"curies":[{"name":"wp","href":"https:\/\/api.w.org\/{rel}","templated":true}]}}