{"id":1921,"date":"2026-03-04T18:22:27","date_gmt":"2026-03-04T21:22:27","guid":{"rendered":"https:\/\/tvdiario.com.br\/comercial\/caminhao-bate-em-onibus-perde-controle-e-atinge-casa-em-ferraz-de-vasconcelos\/"},"modified":"2026-03-04T18:22:27","modified_gmt":"2026-03-04T21:22:27","slug":"caminhao-bate-em-onibus-perde-controle-e-atinge-casa-em-ferraz-de-vasconcelos","status":"publish","type":"post","link":"https:\/\/tvdiario.com.br\/comercial\/caminhao-bate-em-onibus-perde-controle-e-atinge-casa-em-ferraz-de-vasconcelos\/","title":{"rendered":"Caminh\u00e3o bate em \u00f4nibus, perde controle e atinge casa em Ferraz de Vasconcelos"},"content":{"rendered":"<div><img decoding=\"async\" src=\"https:\/\/tvdiario.com.br\/comercial\/wp-content\/uploads\/2026\/03\/caminhai.jpg\"><br \/>     Caminh\u00e3o tenta desviar de \u00f4nibus, mas atinge casa em Ferraz de Vasconcelos<br \/>\nUm caminh\u00e3o atingiu o muro de conten\u00e7\u00e3o e a jardineira de uma casa no Parque Imperial, em Ferraz de Vasconcelos, na tarde desta quarta-feira (4), ap\u00f3s bater na lateral de um \u00f4nibus ao tentar desviar do ve\u00edculo.<br \/>\nA aposentada T\u00e2nia Maria do Nascimento, moradora do im\u00f3vel atingido, contou que n\u00e3o viu o momento da colis\u00e3o, mas ouviu o barulho dos freios e da batida.<br \/>\n\u2705 Clique para seguir o canal do g1 Mogi das Cruzes e Suzano no WhatsApp<br \/>\n\u201cN\u00e3o sei se o caminh\u00e3o perdeu o freio ou se foi imprud\u00eancia do motorista, mas a traseira do caminh\u00e3o ia bater no \u00f4nibus. Para desviar, o caminh\u00e3o bateu na lateral do \u00f4nibus e arrancou a placa dele. O caminh\u00e3o tentou entrar na primeira rua \u00e0 esquerda e acertou a jardineira e o muro de conten\u00e7\u00e3o da minha casa. Ele perdeu um pneu\u201d, explicou a moradora.<br \/>\nTaxista diz que teve quatro rodas furtadas no Centro de Suzano; v\u00eddeo mostra a\u00e7\u00e3o<br \/>\nA Prefeitura de Ferraz de Vasconcelos informou que esteve ciente da ocorr\u00eancia e enviou uma equipe ao local para prestar apoio, realizar a conten\u00e7\u00e3o da \u00e1rea e auxiliar no que foi necess\u00e1rio.<br \/>\nSegundo T\u00e2nia, acidentes parecidos j\u00e1 ocorreram no local. No fim da rua h\u00e1 um ponto de transbordo de lixo, e \u00e9 comum a circula\u00e7\u00e3o de carretas carregadas de res\u00edduos na via.<br \/>\n\u201cOutra vez, um caminh\u00e3o bateu na casa da vizinha. Colocamos a conten\u00e7\u00e3o na nossa casa exatamente por esse risco. A jardineira e a conten\u00e7\u00e3o foram totalmente destru\u00eddas. Eu acredito que deve ter tido danos na parede tamb\u00e9m\u201d.<br \/>\nCerca de uma hora ap\u00f3s o acidente, os ve\u00edculos ainda permaneciam na Rua Angela Giusti Zampese, e a Pol\u00edcia Militar n\u00e3o havia chegado ao local, segundo a moradora.<br \/>\n\u201cOs Bombeiros entraram em contato com a gente e perguntaram se teve v\u00edtima, como n\u00e3o teve, eles n\u00e3o vieram\u201d.<br \/>\nT\u00e2nia disse que ningu\u00e9m ficou ferido na casa dela. No entanto, uma passageira do \u00f4nibus entrou em estado de choque ap\u00f3s o acidente.<br \/>\nO g1 solicitou informa\u00e7\u00f5es \u00e0 Prefeitura de Ferraz de Vasconcelos e aguarda retorno.<br \/>\nLeia mais<br \/>\nObesidade cresce 26% no Alto Tiet\u00ea em um ano, aponta Minist\u00e9rio da Sa\u00fade<br \/>\nCaminh\u00e3o atingiu a conten\u00e7\u00e3o da casa<br \/>\nT\u00e2nia Maria do Nascimento\/Arquivo pessoal<br \/>\nVeja tudo sobre o Alto Tiet\u00ea<\/div>\n","protected":false},"excerpt":{"rendered":"<p>Caminh\u00e3o tenta desviar de \u00f4nibus, mas atinge casa em Ferraz de Vasconcelos Um caminh\u00e3o atingiu o muro de conten\u00e7\u00e3o e a jardineira de uma casa no Parque Imperial, em Ferraz &#8230;<\/p>\n","protected":false},"author":3,"featured_media":1922,"comment_status":"closed","ping_status":"closed","sticky":false,"template":"","format":"standard","meta":{"footnotes":""},"categories":[18],"tags":[],"class_list":["post-1921","post","type-post","status-publish","format-standard","has-post-thumbnail","hentry","category-g1"],"_links":{"self":[{"href":"https:\/\/tvdiario.com.br\/comercial\/wp-json\/wp\/v2\/posts\/1921","targetHints":{"allow":["GET"]}}],"collection":[{"href":"https:\/\/tvdiario.com.br\/comercial\/wp-json\/wp\/v2\/posts"}],"about":[{"href":"https:\/\/tvdiario.com.br\/comercial\/wp-json\/wp\/v2\/types\/post"}],"author":[{"embeddable":true,"href":"https:\/\/tvdiario.com.br\/comercial\/wp-json\/wp\/v2\/users\/3"}],"replies":[{"embeddable":true,"href":"https:\/\/tvdiario.com.br\/comercial\/wp-json\/wp\/v2\/comments?post=1921"}],"version-history":[{"count":0,"href":"https:\/\/tvdiario.com.br\/comercial\/wp-json\/wp\/v2\/posts\/1921\/revisions"}],"wp:featuredmedia":[{"embeddable":true,"href":"https:\/\/tvdiario.com.br\/comercial\/wp-json\/wp\/v2\/media\/1922"}],"wp:attachment":[{"href":"https:\/\/tvdiario.com.br\/comercial\/wp-json\/wp\/v2\/media?parent=1921"}],"wp:term":[{"taxonomy":"category","embeddable":true,"href":"https:\/\/tvdiario.com.br\/comercial\/wp-json\/wp\/v2\/categories?post=1921"},{"taxonomy":"post_tag","embeddable":true,"href":"https:\/\/tvdiario.com.br\/comercial\/wp-json\/wp\/v2\/tags?post=1921"}],"curies":[{"name":"wp","href":"https:\/\/api.w.org\/{rel}","templated":true}]}}