{"id":1927,"date":"2026-03-05T18:19:10","date_gmt":"2026-03-05T21:19:10","guid":{"rendered":"https:\/\/tvdiario.com.br\/comercial\/promotora-nayara-macedo-a-any-awada-e-absolvida-pela-justica-de-sp-de-estelionato\/"},"modified":"2026-03-05T18:19:10","modified_gmt":"2026-03-05T21:19:10","slug":"promotora-nayara-macedo-a-any-awada-e-absolvida-pela-justica-de-sp-de-estelionato","status":"publish","type":"post","link":"https:\/\/tvdiario.com.br\/comercial\/promotora-nayara-macedo-a-any-awada-e-absolvida-pela-justica-de-sp-de-estelionato\/","title":{"rendered":"Promotora Nayara Macedo, a Any Awada, \u00e9 absolvida pela Justi\u00e7a de SP de estelionato"},"content":{"rendered":"<div><img decoding=\"async\" src=\"https:\/\/tvdiario.com.br\/comercial\/wp-content\/uploads\/2026\/03\/any-awuada-1-.jpg\"><br \/>     Promotora de eventos Nayara Macedo das Virgens, conhecida como Any Awada, das acusa\u00e7\u00f5es de estelionato<br \/>\nReprodu\u00e7\u00e3o\/Redes Sociais<br \/>\nA Justi\u00e7a de S\u00e3o Paulo absolveu a promotora de eventos Nayara Macedo das Virgens, conhecida como Any Awada, das acusa\u00e7\u00f5es de estelionato e crimes contra a sa\u00fade p\u00fablica. A m\u00e3e dela, \u00c2ngela de Macedo, tamb\u00e9m foi absolvida.<br \/>\nSegundo o escrit\u00f3rio Blaustein Mello &amp; Ramalho, respons\u00e1vel pela defesa, a 2\u00aa Vara Criminal do Foro Central da Barra Funda considerou improcedente a a\u00e7\u00e3o penal contra m\u00e3e e filha nesta quarta-feira (4) e determinou a absolvi\u00e7\u00e3o delas (leia a nota completa abaixo).<br \/>\nA investiga\u00e7\u00e3o apurava a venda de perfumes e cosm\u00e9ticos supostamente irregulares. Durante as apura\u00e7\u00f5es, perfis em redes sociais foram bloqueados e um ve\u00edculo de luxo foi apreendido.<br \/>\n\u2705 Clique para seguir o canal do g1 Mogi das Cruzes e Suzano no WhatsApp<br \/>\nO juiz Rodrigo Cesar Muller Valente considerou improcedente a acusa\u00e7\u00e3o de estelionato por falta de provas suficientes para uma condena\u00e7\u00e3o.<br \/>\nEm setembro de 2025, o magistrado j\u00e1 havia absolvido as duas das acusa\u00e7\u00f5es relacionadas a infra\u00e7\u00f5es sanit\u00e1rias. Segundo ele, os produtos analisados n\u00e3o se enquadravam em categorias terap\u00eauticas ou medicinais.<br \/>\n\ud83d\udd0d Segundo a resolu\u00e7\u00e3o RDC 907\/24, cremes e perfumes s\u00e3o considerados produtos de grau 1 e n\u00e3o precisam de registro na Ag\u00eancia Nacional de Vigil\u00e2ncia Sanit\u00e1ria (Anvisa). Nesses casos, \u00e9 necess\u00e1ria apenas a comunica\u00e7\u00e3o do produto \u00e0 ag\u00eancia.<br \/>\nLeia tamb\u00e9m<br \/>\nPromotora de eventos \u00e9 presa por falsifica\u00e7\u00e3o de produtos na Grande SP<br \/>\nJusti\u00e7a solta promotora de eventos presa por falsifica\u00e7\u00e3o de produtos na Grande SP<br \/>\nAp\u00f3s divulga\u00e7\u00e3o de fotos em cela, promotora de eventos presa suspeita de vender perfumes falsos \u00e9 transferida de cadeia<br \/>\nAl\u00e9m de Nayara e \u00c2ngela, J\u00falia Gabriela de Siqueira Freitas tamb\u00e9m chegou a ser presa temporariamente em maio do ano passado. Mandados de pris\u00e3o tempor\u00e1ria e busca e apreens\u00e3o foram cumpridos em dois endere\u00e7os no bairro Alto do Ipiranga, em Mogi das Cruzes.<br \/>\nNayara foi encontrada em um apartamento junto com a m\u00e3e. J\u00falia foi localizada em outro im\u00f3vel indicado por Nayara durante a opera\u00e7\u00e3o.<br \/>\n Nayara e a m\u00e3e ficaram presas por quase um m\u00eas. J\u00falia foi solta em 13 de junho de 2025.<br \/>\nNa \u00e9poca, o advogado de J\u00falia, Victor Navarro, afirmou que acompanhava as investiga\u00e7\u00f5es e aguardava a habilita\u00e7\u00e3o processual \u2014 que corria em segredo de Justi\u00e7a \u2014 para analisar os elementos do processo e demonstrar a inoc\u00eancia da cliente.<br \/>\nPromotora de eventos Nayara Macedo das Virgens, conhecida como Any Awada, teve perfis em redes sociais bloqueados durante investiga\u00e7\u00e3o<br \/>\nReprodu\u00e7\u00e3o\/Rede Social<br \/>\nInvestiga\u00e7\u00e3o<br \/>\nA investiga\u00e7\u00e3o come\u00e7ou em agosto de 2023, ap\u00f3s uma v\u00edtima denunciar a compra de perfumes importados pelas redes sociais de Nayara, que tinha quase 500 mil seguidores e anunciava os produtos na internet.<br \/>\nSegundo a den\u00fancia, ela dizia vender itens de \u201cdesapego de importados\u201d e ostentava um alto padr\u00e3o de vida. A v\u00edtima pagou R$ 857,90 por frascos que seriam das marcas Chanel, Dior e Victoria\u2019s Secret, mas afirmou ter recebido produtos falsificados.<br \/>\nEm abril de 2024, a pol\u00edcia cumpriu mandados de busca e apreens\u00e3o e encontrou grande quantidade de cosm\u00e9ticos e perfumes de marcas conhecidas. A per\u00edcia indicou que os produtos tinham subst\u00e2ncias fora dos par\u00e2metros sanit\u00e1rios e n\u00e3o possu\u00edam registro na Ag\u00eancia Nacional de Vigil\u00e2ncia Sanit\u00e1ria (Anvisa).<br \/>\nO relat\u00f3rio policial tamb\u00e9m apontou movimenta\u00e7\u00f5es banc\u00e1rias consideradas at\u00edpicas: mais de R$ 1,2 milh\u00e3o em nome de Nayara, R$ 600 mil da m\u00e3e dela e cerca de R$ 300 mil em contas ligadas a J\u00falia. Um ve\u00edculo Audi Q3 branco, ano 2020, avaliado em cerca de R$ 150 mil, tamb\u00e9m foi apreendido.<br \/>\nAs investiga\u00e7\u00f5es foram conduzidas pelo 31\u00ba Distrito Policial (DP), na Vila Carr\u00e3o, com apoio de outras delegacias da capital e de policiais civis de Mogi das Cruzes.<br \/>\nO que diz a defesa<br \/>\nPor meio de nota, o escrit\u00f3rio Blaustein Mello &amp; Ramalho, que defende Nayara e \u00c2ngela informou que:<br \/>\n&#8220;A defesa de Nayara Macedo das Virgens e \u00c2ngela de Macedo, por meio de seus advogados constitu\u00eddos, vem a p\u00fablico comunicar as Decis\u00f5es proferidas pela 2\u00aa Vara Criminal do Foro Central da Barra Funda (Tribunal de Justi\u00e7a de S\u00e3o Paulo), que hoje julgou completamente IMPROCEDENTE a a\u00e7\u00e3o penal movida contra elas e declarando ABSOLVI\u00c7\u00c3O de ambas no que tange todas as imputa\u00e7\u00f5es (estelionato e crime contra a sa\u00fade p\u00fablica).<br \/>\nAnteriormente, ap\u00f3s o recebimento da resposta \u00e0 acusa\u00e7\u00e3o, o mesmo ju\u00edzo j\u00e1 havia, sumariamente, ABSOLVIDO Nayara e \u00c2ngela das imputa\u00e7\u00f5es de crimes contra a sa\u00fade p\u00fablica. Hoje foram ABSOLVIDAS das condutas referente a eventual pr\u00e1tica de estelionato.<br \/>\nImportante esclarecer ainda, que o Minist\u00e9rio P\u00fablico do Estado de S\u00e3o Paulo foi favor\u00e1vel a ABSOLVI\u00c7\u00c3O.<br \/>\nNayara e \u00c2ngela enfrentaram, durante todo o tr\u00e2mite processual, um julgamento p\u00fablico precipitado e injusto, baseado em den\u00fancias insuficientes para uma condena\u00e7\u00e3o criminal. Esta decis\u00e3o encerra um cap\u00edtulo doloroso e reafirma a confian\u00e7a na Justi\u00e7a. As clientes agora buscam retomar suas vidas com a dignidade restabelecida, livres das acusa\u00e7\u00f5es que pesavam sobre seus ombros&#8221;.<br \/>\nLeia mais<br \/>\nRol\u00ea no Alto Tiet\u00ea: fim de semana tem show de MC GP, teatro e stand up<br \/>\nPromotora de eventos \u00e9 presa por falsifica\u00e7\u00e3o de produtos em Mogi das Cruzes<br \/>\nVeja tudo sobre o Alto Tiet\u00ea<\/div>\n","protected":false},"excerpt":{"rendered":"<p>Promotora de eventos Nayara Macedo das Virgens, conhecida como Any Awada, das acusa\u00e7\u00f5es de estelionato Reprodu\u00e7\u00e3o\/Redes Sociais A Justi\u00e7a de S\u00e3o Paulo absolveu a promotora de eventos Nayara Macedo das &#8230;<\/p>\n","protected":false},"author":3,"featured_media":1928,"comment_status":"closed","ping_status":"closed","sticky":false,"template":"","format":"standard","meta":{"footnotes":""},"categories":[18],"tags":[],"class_list":["post-1927","post","type-post","status-publish","format-standard","has-post-thumbnail","hentry","category-g1"],"_links":{"self":[{"href":"https:\/\/tvdiario.com.br\/comercial\/wp-json\/wp\/v2\/posts\/1927","targetHints":{"allow":["GET"]}}],"collection":[{"href":"https:\/\/tvdiario.com.br\/comercial\/wp-json\/wp\/v2\/posts"}],"about":[{"href":"https:\/\/tvdiario.com.br\/comercial\/wp-json\/wp\/v2\/types\/post"}],"author":[{"embeddable":true,"href":"https:\/\/tvdiario.com.br\/comercial\/wp-json\/wp\/v2\/users\/3"}],"replies":[{"embeddable":true,"href":"https:\/\/tvdiario.com.br\/comercial\/wp-json\/wp\/v2\/comments?post=1927"}],"version-history":[{"count":0,"href":"https:\/\/tvdiario.com.br\/comercial\/wp-json\/wp\/v2\/posts\/1927\/revisions"}],"wp:featuredmedia":[{"embeddable":true,"href":"https:\/\/tvdiario.com.br\/comercial\/wp-json\/wp\/v2\/media\/1928"}],"wp:attachment":[{"href":"https:\/\/tvdiario.com.br\/comercial\/wp-json\/wp\/v2\/media?parent=1927"}],"wp:term":[{"taxonomy":"category","embeddable":true,"href":"https:\/\/tvdiario.com.br\/comercial\/wp-json\/wp\/v2\/categories?post=1927"},{"taxonomy":"post_tag","embeddable":true,"href":"https:\/\/tvdiario.com.br\/comercial\/wp-json\/wp\/v2\/tags?post=1927"}],"curies":[{"name":"wp","href":"https:\/\/api.w.org\/{rel}","templated":true}]}}