{"id":1929,"date":"2026-03-05T21:11:09","date_gmt":"2026-03-06T00:11:09","guid":{"rendered":"https:\/\/tvdiario.com.br\/comercial\/divecar-investiga-desmanche-de-caminhoes-na-regiao-de-mogi-das-cruzes\/"},"modified":"2026-03-05T21:11:09","modified_gmt":"2026-03-06T00:11:09","slug":"divecar-investiga-desmanche-de-caminhoes-na-regiao-de-mogi-das-cruzes","status":"publish","type":"post","link":"https:\/\/tvdiario.com.br\/comercial\/divecar-investiga-desmanche-de-caminhoes-na-regiao-de-mogi-das-cruzes\/","title":{"rendered":"Divecar investiga desmanche de caminh\u00f5es na regi\u00e3o de Mogi das Cruzes"},"content":{"rendered":"<div><img decoding=\"async\" src=\"https:\/\/tvdiario.com.br\/comercial\/wp-content\/uploads\/2026\/03\/5123841722-9e729f930f-k.jpg\"><br \/>     Caso \u00e9 investigado pela Divecar da Pol\u00edcia Civil de S\u00e3o Paulo.<br \/>\nDivulga\u00e7\u00e3o\/GESP<br \/>\nA 3\u00aa Delegacia de Investiga\u00e7\u00f5es sobre Desmanches Delituosos, da Divis\u00e3o de Investiga\u00e7\u00f5es sobre Furto, Roubo e Recepta\u00e7\u00e3o de Ve\u00edculos e Cargas (Divecar), investiga um poss\u00edvel desmanche de caminh\u00f5es na regi\u00e3o de Mogi das Cruzes.<br \/>\nDe acordo com a Secretaria de Seguran\u00e7a P\u00fablica (SSP), os policiais da Divecar realizaram dilig\u00eancias nesta quinta-feira (5), para apurar o caso. Um caminh\u00e3o escoltado por um carro foi identificado.<br \/>\n\u2705 Clique para seguir o canal do g1 Mogi das Cruzes e Suzano no WhatsApp<br \/>\nJ\u00e1 a Prefeitura de Mogi das Cruzes informou que a Guarda Civil Municipal (GCM) identificou, por meio do monitoramento do Smart Mogi, um ve\u00edculo suspeito de envolvimento nos roubos e um caminh\u00e3o roubado.<br \/>\nDurante a abordagem aos ve\u00edculos, nesta quinta-feira, na avenida Miguel Gemma, no Socorro, sentido Biritiba Mirim, um homem foi preso suspeito de envolvimento nos crimes.<br \/>\nSegundo a SSP, a ocorr\u00eancia est\u00e1 em andamento e \u00e9 registrada pela Pol\u00edcia Civil.<br \/>\nLeia mais<br \/>\nRol\u00ea no Alto Tiet\u00ea: fim de semana tem show de MC GP, teatro e stand up<br \/>\nPol\u00edcia civil cumpre mandados de busca e apreens\u00e3o em Mogi das Cruzes<br \/>\nVeja tudo sobre o Alto Tiet\u00ea<\/div>\n","protected":false},"excerpt":{"rendered":"<p>Caso \u00e9 investigado pela Divecar da Pol\u00edcia Civil de S\u00e3o Paulo. Divulga\u00e7\u00e3o\/GESP A 3\u00aa Delegacia de Investiga\u00e7\u00f5es sobre Desmanches Delituosos, da Divis\u00e3o de Investiga\u00e7\u00f5es sobre Furto, Roubo e Recepta\u00e7\u00e3o de &#8230;<\/p>\n","protected":false},"author":3,"featured_media":1930,"comment_status":"closed","ping_status":"closed","sticky":false,"template":"","format":"standard","meta":{"footnotes":""},"categories":[18],"tags":[],"class_list":["post-1929","post","type-post","status-publish","format-standard","has-post-thumbnail","hentry","category-g1"],"_links":{"self":[{"href":"https:\/\/tvdiario.com.br\/comercial\/wp-json\/wp\/v2\/posts\/1929","targetHints":{"allow":["GET"]}}],"collection":[{"href":"https:\/\/tvdiario.com.br\/comercial\/wp-json\/wp\/v2\/posts"}],"about":[{"href":"https:\/\/tvdiario.com.br\/comercial\/wp-json\/wp\/v2\/types\/post"}],"author":[{"embeddable":true,"href":"https:\/\/tvdiario.com.br\/comercial\/wp-json\/wp\/v2\/users\/3"}],"replies":[{"embeddable":true,"href":"https:\/\/tvdiario.com.br\/comercial\/wp-json\/wp\/v2\/comments?post=1929"}],"version-history":[{"count":0,"href":"https:\/\/tvdiario.com.br\/comercial\/wp-json\/wp\/v2\/posts\/1929\/revisions"}],"wp:featuredmedia":[{"embeddable":true,"href":"https:\/\/tvdiario.com.br\/comercial\/wp-json\/wp\/v2\/media\/1930"}],"wp:attachment":[{"href":"https:\/\/tvdiario.com.br\/comercial\/wp-json\/wp\/v2\/media?parent=1929"}],"wp:term":[{"taxonomy":"category","embeddable":true,"href":"https:\/\/tvdiario.com.br\/comercial\/wp-json\/wp\/v2\/categories?post=1929"},{"taxonomy":"post_tag","embeddable":true,"href":"https:\/\/tvdiario.com.br\/comercial\/wp-json\/wp\/v2\/tags?post=1929"}],"curies":[{"name":"wp","href":"https:\/\/api.w.org\/{rel}","templated":true}]}}