{"id":1931,"date":"2026-03-06T09:08:05","date_gmt":"2026-03-06T12:08:05","guid":{"rendered":"https:\/\/tvdiario.com.br\/comercial\/feijoada-beneficente-arrecada-recursos-para-festa-do-divino-2026\/"},"modified":"2026-03-06T09:08:05","modified_gmt":"2026-03-06T12:08:05","slug":"feijoada-beneficente-arrecada-recursos-para-festa-do-divino-2026","status":"publish","type":"post","link":"https:\/\/tvdiario.com.br\/comercial\/feijoada-beneficente-arrecada-recursos-para-festa-do-divino-2026\/","title":{"rendered":"Feijoada beneficente arrecada recursos para Festa do Divino 2026"},"content":{"rendered":"<div><img decoding=\"async\" src=\"https:\/\/tvdiario.com.br\/comercial\/wp-content\/uploads\/2026\/03\/whatsapp-image-2024-08-07-at-115656.jpeg\"><br \/>     Festa do Divino Esp\u00edrito Santo em Mogi das Cruzes ocorre entre 14 e 24 de maio<br \/>\nDivulga\u00e7\u00e3o<br \/>\nA Associa\u00e7\u00e3o Pr\u00f3-Festa do Divino realiza neste domingo (8) a \u201cDivina Feijoada Beneficente\u201d, em Mogi das Cruzes. O evento tem como objetivo arrecadar recursos para a Festa do Divino Esp\u00edrito Santo 2026.<br \/>\nNeste ano, a Festa do Divino tem como tema \u201cDivino Esp\u00edrito Santo, fazei de n\u00f3s mensageiros da vossa Paz\u201d. Ela ser\u00e1 realizada de 14 a 24 de maio de 2026, em Mogi das Cruzes. Os festeiros s\u00e3o Ricardo Medina Alvarez e Maria de Lourdes Pereira da Silva Medina. J\u00e1 os capit\u00e3es de mastro s\u00e3o Maur\u00edcio de Lima Ramos e Tavane Prado Rodrigues Ramos.<br \/>\n\u2705 Clique para seguir o canal do g1 Mogi das Cruzes e Suzano no WhatsApp<br \/>\nOs convites para a feijoada custam R$ 80 por pessoa. O valor inclui arroz, feijoada, couve e farofa. Durante o evento, o p\u00fablico tamb\u00e9m poder\u00e1 assistir \u00e0 apresenta\u00e7\u00e3o da Banda Fam\u00edlia Andrade.<br \/>\nAs reservas podem ser feitas at\u00e9 domingo, enquanto houver ingressos dispon\u00edveis. Os contatos s\u00e3o (11) 9 9559-9440 e (11) 4790-6835.<br \/>\nA feijoada ser\u00e1 realizada das 12h \u00e0s 16h, no Clube de Campo, na rua Duarte de Freitas, 133, no Parque Monte L\u00edbano, em Mogi das Cruzes.<br \/>\nLeia mais<br \/>\nEstupros caem 24,5% no Alto Tiet\u00ea em janeiro, aponta SSP<br \/>\nInc\u00eandio atinge duas casas em Suzano<br \/>\nFesta do Divino de Mogi das Cruzes tem S\u00e9tima Coroa neste s\u00e1bado<br \/>\nVeja tudo sobre o Alto Tiet\u00ea<\/div>\n","protected":false},"excerpt":{"rendered":"<p>Festa do Divino Esp\u00edrito Santo em Mogi das Cruzes ocorre entre 14 e 24 de maio Divulga\u00e7\u00e3o A Associa\u00e7\u00e3o Pr\u00f3-Festa do Divino realiza neste domingo (8) a \u201cDivina Feijoada Beneficente\u201d, &#8230;<\/p>\n","protected":false},"author":3,"featured_media":1932,"comment_status":"closed","ping_status":"closed","sticky":false,"template":"","format":"standard","meta":{"footnotes":""},"categories":[18],"tags":[],"class_list":["post-1931","post","type-post","status-publish","format-standard","has-post-thumbnail","hentry","category-g1"],"_links":{"self":[{"href":"https:\/\/tvdiario.com.br\/comercial\/wp-json\/wp\/v2\/posts\/1931","targetHints":{"allow":["GET"]}}],"collection":[{"href":"https:\/\/tvdiario.com.br\/comercial\/wp-json\/wp\/v2\/posts"}],"about":[{"href":"https:\/\/tvdiario.com.br\/comercial\/wp-json\/wp\/v2\/types\/post"}],"author":[{"embeddable":true,"href":"https:\/\/tvdiario.com.br\/comercial\/wp-json\/wp\/v2\/users\/3"}],"replies":[{"embeddable":true,"href":"https:\/\/tvdiario.com.br\/comercial\/wp-json\/wp\/v2\/comments?post=1931"}],"version-history":[{"count":0,"href":"https:\/\/tvdiario.com.br\/comercial\/wp-json\/wp\/v2\/posts\/1931\/revisions"}],"wp:featuredmedia":[{"embeddable":true,"href":"https:\/\/tvdiario.com.br\/comercial\/wp-json\/wp\/v2\/media\/1932"}],"wp:attachment":[{"href":"https:\/\/tvdiario.com.br\/comercial\/wp-json\/wp\/v2\/media?parent=1931"}],"wp:term":[{"taxonomy":"category","embeddable":true,"href":"https:\/\/tvdiario.com.br\/comercial\/wp-json\/wp\/v2\/categories?post=1931"},{"taxonomy":"post_tag","embeddable":true,"href":"https:\/\/tvdiario.com.br\/comercial\/wp-json\/wp\/v2\/tags?post=1931"}],"curies":[{"name":"wp","href":"https:\/\/api.w.org\/{rel}","templated":true}]}}