{"id":1935,"date":"2026-03-06T18:06:13","date_gmt":"2026-03-06T21:06:13","guid":{"rendered":"https:\/\/tvdiario.com.br\/comercial\/chuva-causa-alagamento-em-bairro-de-mogi-das-cruzes\/"},"modified":"2026-03-06T18:06:13","modified_gmt":"2026-03-06T21:06:13","slug":"chuva-causa-alagamento-em-bairro-de-mogi-das-cruzes","status":"publish","type":"post","link":"https:\/\/tvdiario.com.br\/comercial\/chuva-causa-alagamento-em-bairro-de-mogi-das-cruzes\/","title":{"rendered":"Chuva causa alagamento em bairro de Mogi das Cruzes"},"content":{"rendered":"<div><img decoding=\"async\" src=\"https:\/\/tvdiario.com.br\/comercial\/wp-content\/uploads\/2026\/03\/whatsapp-image-2026-03-06-at-172203-1-.jpeg\"><br \/>     Homem tenta se levantar da cal\u00e7ada em meio \u00e0 rua alagada em Mogi das Cruzes<br \/>\nA chuva da tarde desta sexta-feira (6) causou alagamentos no bairro Jardim Piat\u00e3 1, em Mogi das Cruzes.<br \/>\nNo v\u00eddeo gravado pela moradora Nayara Nascimento, \u00e9 poss\u00edvel ver a rua das Mon\u00e7\u00f5es, tomada pela \u00e1gua misturada com terra. Um senhor aparece na cal\u00e7ada tentando se levantar, aparentemente ap\u00f3s cair ao ch\u00e3o.<br \/>\n\u2705 Clique para seguir o canal do g1 Mogi das Cruzes e Suzano no WhatsApp<br \/>\nSegundo Nayara, sempre que acontece chuva forte com vento, ocorre enchente nas vias. \u201cN\u00e3o tem nem como levar as crian\u00e7as para a escola quando est\u00e1 assim. Em caso de alagamento, eu vou de carro buscar elas \u00e0 tarde na escola. Eu tenho at\u00e9 medo\u201d, explicou.<br \/>\nO g1 solicitou e aguarda informa\u00e7\u00f5es da Prefeitura de Mogi das Cruzes.<br \/>\nDe acordo com ela, \u00e9 comum as casas que ficam pr\u00f3ximas ao rio terem enchentes e os moradores perderem os m\u00f3veis.<br \/>\nChuva no Alto Tiet\u00ea<br \/>\nSegundo a Prefeitura de Ferraz de Vasconcelos, o temporal desta sexta-feira (6) causou alguns alagamentos no munic\u00edpio, mas sem graves ocorr\u00eancias. Das 12h27 at\u00e9 \u00e0s 17h aproximadamente, a cidade registrou 24,8 mil\u00edmetros de chuva.<br \/>\nAruj\u00e1, Biritiba-Mirim e Guararema informaram que n\u00e3o registram ocorr\u00eancias causadas pela chuva. Itaquaquecetuba, Po\u00e1, Santa Isabel, Sales\u00f3polis e Suzano n\u00e3o responderam ao g1.<br \/>\nLeia mais<br \/>\nCasal da Grande SP fica retido em navio de cruzeiro em Dubai ap\u00f3s ataques na regi\u00e3o<br \/>\nCorpo de soldado da PM encontrada morta com tiro na cabe\u00e7a \u00e9 exumado em cemit\u00e9rio da Grande SP<br \/>\nRuas do Jardim Piat\u00e3 1 ficam tomadas pela \u00e1gua com terra<br \/>\nNayara Nascimento\/reprodu\u00e7\u00e3o<br \/>\nVeja tudo sobre o Alto Tiet\u00ea<\/div>\n","protected":false},"excerpt":{"rendered":"<p>Homem tenta se levantar da cal\u00e7ada em meio \u00e0 rua alagada em Mogi das Cruzes A chuva da tarde desta sexta-feira (6) causou alagamentos no bairro Jardim Piat\u00e3 1, em &#8230;<\/p>\n","protected":false},"author":3,"featured_media":1936,"comment_status":"closed","ping_status":"closed","sticky":false,"template":"","format":"standard","meta":{"footnotes":""},"categories":[18],"tags":[],"class_list":["post-1935","post","type-post","status-publish","format-standard","has-post-thumbnail","hentry","category-g1"],"_links":{"self":[{"href":"https:\/\/tvdiario.com.br\/comercial\/wp-json\/wp\/v2\/posts\/1935","targetHints":{"allow":["GET"]}}],"collection":[{"href":"https:\/\/tvdiario.com.br\/comercial\/wp-json\/wp\/v2\/posts"}],"about":[{"href":"https:\/\/tvdiario.com.br\/comercial\/wp-json\/wp\/v2\/types\/post"}],"author":[{"embeddable":true,"href":"https:\/\/tvdiario.com.br\/comercial\/wp-json\/wp\/v2\/users\/3"}],"replies":[{"embeddable":true,"href":"https:\/\/tvdiario.com.br\/comercial\/wp-json\/wp\/v2\/comments?post=1935"}],"version-history":[{"count":0,"href":"https:\/\/tvdiario.com.br\/comercial\/wp-json\/wp\/v2\/posts\/1935\/revisions"}],"wp:featuredmedia":[{"embeddable":true,"href":"https:\/\/tvdiario.com.br\/comercial\/wp-json\/wp\/v2\/media\/1936"}],"wp:attachment":[{"href":"https:\/\/tvdiario.com.br\/comercial\/wp-json\/wp\/v2\/media?parent=1935"}],"wp:term":[{"taxonomy":"category","embeddable":true,"href":"https:\/\/tvdiario.com.br\/comercial\/wp-json\/wp\/v2\/categories?post=1935"},{"taxonomy":"post_tag","embeddable":true,"href":"https:\/\/tvdiario.com.br\/comercial\/wp-json\/wp\/v2\/tags?post=1935"}],"curies":[{"name":"wp","href":"https:\/\/api.w.org\/{rel}","templated":true}]}}