{"id":1937,"date":"2026-03-06T21:34:33","date_gmt":"2026-03-07T00:34:33","guid":{"rendered":"https:\/\/tvdiario.com.br\/comercial\/casal-da-grande-sp-retido-em-navio-de-cruzeiro-em-dubai-consegue-voo-de-repatriacao\/"},"modified":"2026-03-06T21:34:33","modified_gmt":"2026-03-07T00:34:33","slug":"casal-da-grande-sp-retido-em-navio-de-cruzeiro-em-dubai-consegue-voo-de-repatriacao","status":"publish","type":"post","link":"https:\/\/tvdiario.com.br\/comercial\/casal-da-grande-sp-retido-em-navio-de-cruzeiro-em-dubai-consegue-voo-de-repatriacao\/","title":{"rendered":"Casal da Grande SP retido em navio de cruzeiro em Dubai consegue voo de repatria\u00e7\u00e3o"},"content":{"rendered":"<div><img decoding=\"async\" src=\"https:\/\/tvdiario.com.br\/comercial\/wp-content\/uploads\/2026\/03\/whatsapp-image-2026-03-06-at-105832-1.jpeg\"><br \/>     Casal de Po\u00e1 fica retido em navio de cruzeiro em Dubai ap\u00f3s ataques na regi\u00e3o<br \/>\n Um casal de Po\u00e1, na Grande S\u00e3o Paulo, que estava retido em um navio de cruzeiro em Dubai, nos Emirados \u00c1rabes Unidos, conseguiu um voo de repatria\u00e7\u00e3o ap\u00f3s a escalada de ataques na regi\u00e3o.<br \/>\nA advogada e empres\u00e1ria Tathiana Suwaki Amorim, de 47 anos, e o marido, Cristian de Amorim, de 52, est\u00e3o desde 28 de fevereiro no navio MSC Eur\u00edbia, que permanece parado no porto enquanto voos seguem suspensos ou com opera\u00e7\u00e3o reduzida.<br \/>\n\u2705 Clique para seguir o canal do g1 Mogi das Cruzes e Suzano no WhatsApp<br \/>\nSegundo Tathiana, a empresa MSC Cruzeiros informou que o casal ser\u00e1 levado para Barcelona, na Espanha. Ela disse que a companhia ainda n\u00e3o informou a data do embarque nem qual ser\u00e1 a companhia a\u00e9rea respons\u00e1vel pelo voo.<br \/>\n&#8220;Apenas que devemos estar \u00e0s 7h, no ponto de encontro do navio e eles nos levar\u00e3o at\u00e9 o aeroporto  E de l\u00e1 seguimos viagem pra Barcelona.&#8221;<br \/>\nTathiana afirmou ainda que os voos foram fretados pela MSC Cruzeiros para repatriar os passageiros.&#8221;\u00danico problema \u00e9 que de l\u00e1 cada um dever\u00e1 comprar sua pr\u00f3pria passagem.&#8221;<br \/>\nEla informou ainda que o check-out no navio est\u00e1 previsto para este s\u00e1bado (7), e era um motivo de apreens\u00e3o.<br \/>\nA MSC Cruzeiros informou que organizou voos para mais de 1,5 mil h\u00f3spedes que estavam a bordo do MSC Euribia, em Dubai, para que deixem a regi\u00e3o. Segundo a empresa, sete voos com passageiros do cruzeiro j\u00e1 partiram do local (veja a nota completa abaixo).<br \/>\nCruzeiro cancelado<br \/>\nSegundo Tathiana, o casal viajou para fazer um cruzeiro pelos Emirados \u00c1rabes, mas o roteiro foi cancelado por causa da situa\u00e7\u00e3o de seguran\u00e7a.<br \/>\n \u201cO cruzeiro foi cancelado, mas mantiveram os h\u00f3spedes no navio. Estamos aqui como hospedagem emergencial\u201d, relatou.<br \/>\nCasal de Po\u00e1 viajou para fazer cruzeiro pelos Emirados \u00c1rabes<br \/>\nArquivo pessoal\/Tathiana Suwaki<br \/>\nO navio segue atracado no porto de Dubai. Apesar de os passageiros poderem desembarcar, a recomenda\u00e7\u00e3o \u00e9 que permane\u00e7am a bordo por seguran\u00e7a.<br \/>\n\u201cPode sair, mas a recomenda\u00e7\u00e3o \u00e9 fortemente que fiquemos no navio. E tamb\u00e9m, se sair, n\u00e3o tem para onde ir, um local seguro\u201d, disse.<br \/>\nDe acordo com Tathiana, a tens\u00e3o na regi\u00e3o \u00e9 constante. Ela disse que j\u00e1 viu avi\u00f5es de ca\u00e7a sobrevoando a \u00e1rea e que alertas de seguran\u00e7a foram emitidos.<br \/>\n\u201cJ\u00e1 vimos ca\u00e7a sobrevoando e recebemos alerta de m\u00edsseis. Em uma reuni\u00e3o com o vice-c\u00f4nsul brasileiro, o alarme de emerg\u00eancia disparou\u201d, afirmou (veja v\u00eddeo acima).<br \/>\nAlerta de amea\u00e7a de m\u00edsseis foi emitido nesta sexta-feira<br \/>\nArquivo pessoal\/Tathiana Suwaki<br \/>\nO casal faz parte de um grupo de brasileiros que aguardam uma solu\u00e7\u00e3o para voltar ao pa\u00eds. Segundo Tathiana, cerca de 350 brasileiros estavam entre os mais de 5 mil passageiros que estavam inicialmente no navio.<br \/>\nSegundo Tathiana, a principal dificuldade foi a falta de previs\u00e3o para voos de volta ao Brasil. Ela explicou que o casal comprou o cruzeiro e as passagens a\u00e9reas separadamente.<br \/>\nEnquanto aguardavam uma solu\u00e7\u00e3o, Tathiana e o marido tamb\u00e9m buscaram informa\u00e7\u00f5es junto \u00e0s autoridades brasileiras.<br \/>\nO g1 solicitou posicionamento ao Minist\u00e9rio das Rela\u00e7\u00f5es Exteriores (Itamaraty), mas n\u00e3o recebeu resposta at\u00e9 a \u00faltima atualiza\u00e7\u00e3o desta reportagem.<br \/>\nO que diz a MSC<br \/>\nA MSC Cruzeiros organizou voos para mais de 1.500 h\u00f3spedes que estavam a bordo do MSC Euribia, em Dubai, para que pudessem deixar a regi\u00e3o. At\u00e9 o momento, sete voos transportando h\u00f3spedes da MSC Cruzeiros j\u00e1 partiram da regi\u00e3o.<br \/>\nEsses voos incluem voos fretados pela MSC Cruzeiros, com assentos garantidos em parceria com a Emirates e a Flydubai, em voos comerciais regulares, al\u00e9m de alguns voos organizados pelos governos.<br \/>\nOs h\u00f3spedes foram repatriados para diversos destinos, incluindo Reino Unido, It\u00e1lia, Alemanha, Espanha, Estados Unidos e Brasil.<br \/>\n\u201cTenho imenso orgulho de ver como toda a Companhia est\u00e1 se unindo nesta opera\u00e7\u00e3o de repatria\u00e7\u00e3o altamente complexa\u201d, afirmou Pierfrancesco Vago, Presidente Executivo da MSC Cruzeiros.<br \/>\n\u201cNosso comandante e tripula\u00e7\u00e3o trabalharam incansavelmente para garantir que nossos h\u00f3spedes fossem bem atendidos, enquanto nossas equipes ao redor do mundo atuaram dia e noite para lev\u00e1-los para casa com seguran\u00e7a e no menor tempo poss\u00edvel. Recebemos um apoio sem precedentes da nossa companhia a\u00e9rea parceira, a Emirates, bem como de governos regionais e nacionais que est\u00e3o nos apoiando na log\u00edstica operacional necess\u00e1ria e nas autoriza\u00e7\u00f5es para os voos. Ainda temos alguns h\u00f3spedes a bordo do navio, mas estamos trabalhando intensamente para garantir que tamb\u00e9m possam deixar a regi\u00e3o com seguran\u00e7a.\u201d<br \/>\nO que diz companhia a\u00e9rea<br \/>\nO retorno do casal estava previsto para segunda-feira (9), em voos da Qatar Airways, com conex\u00e3o em Doha, no Catar. Por\u00e9m, a companhia a\u00e9rea informou que as opera\u00e7\u00f5es permanecem temporariamente suspensas devido ao fechamento do espa\u00e7o a\u00e9reo do pa\u00eds. Segundo a empresa, os voos s\u00f3 ser\u00e3o retomados quando a Autoridade de Avia\u00e7\u00e3o Civil do Catar autorizar a reabertura segura do espa\u00e7o a\u00e9reo.<br \/>\nA companhia afirmou que s\u00f3 retomar\u00e1 as opera\u00e7\u00f5es quando a Autoridade de Avia\u00e7\u00e3o Civil do Catar anunciar a reabertura segura do espa\u00e7o a\u00e9reo. Uma nova atualiza\u00e7\u00e3o ser\u00e1 divulgada neste s\u00e1bado (7), at\u00e9 \u00e0s 9h (hor\u00e1rio de Doha).<br \/>\nA empresa disse que trabalha para organizar voos extras de apoio, sempre que poss\u00edvel, e que os passageiros afetados ser\u00e3o contatados diretamente com detalhes sobre voos, orienta\u00e7\u00f5es e pr\u00f3ximos passos. A Qatar Airways orienta que os passageiros n\u00e3o se dirijam ao aeroporto sem notifica\u00e7\u00e3o oficial confirmando o voo.<br \/>\nPara quem est\u00e1 em Doha, representantes da companhia est\u00e3o dispon\u00edveis em hot\u00e9is designados para ajudar com d\u00favidas sobre voos extras e organiza\u00e7\u00e3o da viagem. A empresa pede que os dados de contato dos passageiros estejam atualizados para envio de informa\u00e7\u00f5es importantes.<br \/>\nA Qatar Airways refor\u00e7ou que a seguran\u00e7a e o bem-estar dos passageiros e tripulantes s\u00e3o prioridade e pediu desculpas pela interrup\u00e7\u00e3o causada por circunst\u00e2ncias fora do controle da companhia.<br \/>\nEntenda o conflito<br \/>\nFor\u00e7as armadas dos Estados Unidos e de Israel promoveram um ataque coordenado ao Ir\u00e3 no s\u00e1bado (28), ap\u00f3s semanas de escalada de tens\u00e3o entre os pa\u00edses.<br \/>\nOs ataques resultaram na morte do l\u00edder supremo Ali Khamenei e de chefes militares.<br \/>\nEm resposta, o Ir\u00e3 lan\u00e7ou ataques contra Israel e bases militares dos EUA no Oriente M\u00e9dio. Diversos pa\u00edses foram atacados.<br \/>\nIr\u00e3 afirmou que a morte de Khamenei \u00e9 uma &#8216;declara\u00e7\u00e3o de guerra contra os mu\u00e7ulmanos&#8217; e prometeu vingan\u00e7a. Trump amea\u00e7ou utilizar &#8220;for\u00e7a nunca antes vista&#8221; caso Ir\u00e3 continue retalia\u00e7\u00e3o.<br \/>\nAssista a mais not\u00edcias do Alto Tiet\u00ea<\/div>\n","protected":false},"excerpt":{"rendered":"<p>Casal de Po\u00e1 fica retido em navio de cruzeiro em Dubai ap\u00f3s ataques na regi\u00e3o Um casal de Po\u00e1, na Grande S\u00e3o Paulo, que estava retido em um navio de &#8230;<\/p>\n","protected":false},"author":3,"featured_media":1938,"comment_status":"closed","ping_status":"closed","sticky":false,"template":"","format":"standard","meta":{"footnotes":""},"categories":[18],"tags":[],"class_list":["post-1937","post","type-post","status-publish","format-standard","has-post-thumbnail","hentry","category-g1"],"_links":{"self":[{"href":"https:\/\/tvdiario.com.br\/comercial\/wp-json\/wp\/v2\/posts\/1937","targetHints":{"allow":["GET"]}}],"collection":[{"href":"https:\/\/tvdiario.com.br\/comercial\/wp-json\/wp\/v2\/posts"}],"about":[{"href":"https:\/\/tvdiario.com.br\/comercial\/wp-json\/wp\/v2\/types\/post"}],"author":[{"embeddable":true,"href":"https:\/\/tvdiario.com.br\/comercial\/wp-json\/wp\/v2\/users\/3"}],"replies":[{"embeddable":true,"href":"https:\/\/tvdiario.com.br\/comercial\/wp-json\/wp\/v2\/comments?post=1937"}],"version-history":[{"count":0,"href":"https:\/\/tvdiario.com.br\/comercial\/wp-json\/wp\/v2\/posts\/1937\/revisions"}],"wp:featuredmedia":[{"embeddable":true,"href":"https:\/\/tvdiario.com.br\/comercial\/wp-json\/wp\/v2\/media\/1938"}],"wp:attachment":[{"href":"https:\/\/tvdiario.com.br\/comercial\/wp-json\/wp\/v2\/media?parent=1937"}],"wp:term":[{"taxonomy":"category","embeddable":true,"href":"https:\/\/tvdiario.com.br\/comercial\/wp-json\/wp\/v2\/categories?post=1937"},{"taxonomy":"post_tag","embeddable":true,"href":"https:\/\/tvdiario.com.br\/comercial\/wp-json\/wp\/v2\/tags?post=1937"}],"curies":[{"name":"wp","href":"https:\/\/api.w.org\/{rel}","templated":true}]}}