{"id":1939,"date":"2026-03-07T09:08:33","date_gmt":"2026-03-07T12:08:33","guid":{"rendered":"https:\/\/tvdiario.com.br\/comercial\/cruzamento-no-centro-de-mogi-das-cruzes-sera-totalmente-interditado-neste-domingo-para-obras\/"},"modified":"2026-03-07T09:08:33","modified_gmt":"2026-03-07T12:08:33","slug":"cruzamento-no-centro-de-mogi-das-cruzes-sera-totalmente-interditado-neste-domingo-para-obras","status":"publish","type":"post","link":"https:\/\/tvdiario.com.br\/comercial\/cruzamento-no-centro-de-mogi-das-cruzes-sera-totalmente-interditado-neste-domingo-para-obras\/","title":{"rendered":"Cruzamento no Centro de Mogi das Cruzes ser\u00e1 totalmente interditado neste domingo para obras"},"content":{"rendered":"<div><img decoding=\"async\" src=\"https:\/\/tvdiario.com.br\/comercial\/wp-content\/uploads\/2026\/03\/2026030316500269a73b6af2de4-1-.png\"><br \/>     Cruzamento de Mogi das Cruzes \u00e9 interditado<br \/>\nO cruzamento entre a avenida Governador Adhemar de Barros e a rua Presidente Campos Salles, no Centro de Mogi das Cruzes, ser\u00e1 totalmente interditado a partir das 8h deste domingo (8). A medida foi adotada para a realiza\u00e7\u00e3o de reparos no local.<br \/>\nSegundo a Prefeitura de Mogi das Cruzes, o cruzamento est\u00e1 parcialmente interditado desde segunda-feira (2). Um buraco se abriu no local ap\u00f3s o rompimento de um po\u00e7o de visita.<br \/>\nDe acordo com a administra\u00e7\u00e3o municipal, a interven\u00e7\u00e3o \u00e9 preventiva e tem como objetivo garantir a seguran\u00e7a no tr\u00e2nsito e organizar o tr\u00e1fego na regi\u00e3o. A previs\u00e3o \u00e9 que o servi\u00e7o seja conclu\u00eddo no mesmo dia.<br \/>\n\u2705 Clique para seguir o canal do g1 Mogi das Cruzes e Suzano no WhatsApp<br \/>\nPara identificar o problema, as equipes v\u00e3o escavar o local a uma profundidade de cerca de 4 metros. Depois, ser\u00e1 feito o escoramento met\u00e1lico das paredes da escava\u00e7\u00e3o para garantir a seguran\u00e7a dos trabalhadores. Em seguida, o po\u00e7o de visita ser\u00e1 reconstru\u00eddo ou reparado.<br \/>\nPor fim, ser\u00e1 feito o aterro do buraco e a recomposi\u00e7\u00e3o do asfalto.<br \/>\nRotas Alternativas<br \/>\nA Prefeitura de Mogi das Cruzes orienta que os motoristas redobrem a aten\u00e7\u00e3o ao passar pela regi\u00e3o e utilizem rotas alternativas para evitar congestionamentos, principalmente nos hor\u00e1rios de maior movimento.<br \/>\nComo rota alternativa, os motoristas podem acessar a rua Professor Flaviano de Melo e virar \u00e0 esquerda na rua Doutor Deodato Wertheimer.<br \/>\nDepois, devem seguir \u00e0 direita pela rua Sebasti\u00e3o Furlan, acessar a avenida Volunt\u00e1rio Fernando Pinheiro Franco e retornar \u00e0 rua Presidente Campos Salles.<br \/>\nA partir desse ponto, \u00e9 poss\u00edvel cruzar novamente a linha f\u00e9rrea ou acessar \u00e0 esquerda a avenida Governador Adhemar de Barros.<br \/>\nCruzamento fica totalmente interditado neste domingo (8)<br \/>\nDivulga\u00e7\u00e3o\/PMMC<br \/>\nLeia mais<br \/>\nRol\u00ea no Alto Tiet\u00ea: fim de semana tem show de MC GP, teatro e stand up<br \/>\nInstituto Oswaldo Cruz vence chamamento e vai administrar maternidade de Mogi das Cruzes<br \/>\nVeja tudo sobre o Alto Tiet\u00ea<\/div>\n","protected":false},"excerpt":{"rendered":"<p>Cruzamento de Mogi das Cruzes \u00e9 interditado O cruzamento entre a avenida Governador Adhemar de Barros e a rua Presidente Campos Salles, no Centro de Mogi das Cruzes, ser\u00e1 totalmente &#8230;<\/p>\n","protected":false},"author":3,"featured_media":1940,"comment_status":"closed","ping_status":"closed","sticky":false,"template":"","format":"standard","meta":{"footnotes":""},"categories":[18],"tags":[],"class_list":["post-1939","post","type-post","status-publish","format-standard","has-post-thumbnail","hentry","category-g1"],"_links":{"self":[{"href":"https:\/\/tvdiario.com.br\/comercial\/wp-json\/wp\/v2\/posts\/1939","targetHints":{"allow":["GET"]}}],"collection":[{"href":"https:\/\/tvdiario.com.br\/comercial\/wp-json\/wp\/v2\/posts"}],"about":[{"href":"https:\/\/tvdiario.com.br\/comercial\/wp-json\/wp\/v2\/types\/post"}],"author":[{"embeddable":true,"href":"https:\/\/tvdiario.com.br\/comercial\/wp-json\/wp\/v2\/users\/3"}],"replies":[{"embeddable":true,"href":"https:\/\/tvdiario.com.br\/comercial\/wp-json\/wp\/v2\/comments?post=1939"}],"version-history":[{"count":0,"href":"https:\/\/tvdiario.com.br\/comercial\/wp-json\/wp\/v2\/posts\/1939\/revisions"}],"wp:featuredmedia":[{"embeddable":true,"href":"https:\/\/tvdiario.com.br\/comercial\/wp-json\/wp\/v2\/media\/1940"}],"wp:attachment":[{"href":"https:\/\/tvdiario.com.br\/comercial\/wp-json\/wp\/v2\/media?parent=1939"}],"wp:term":[{"taxonomy":"category","embeddable":true,"href":"https:\/\/tvdiario.com.br\/comercial\/wp-json\/wp\/v2\/categories?post=1939"},{"taxonomy":"post_tag","embeddable":true,"href":"https:\/\/tvdiario.com.br\/comercial\/wp-json\/wp\/v2\/tags?post=1939"}],"curies":[{"name":"wp","href":"https:\/\/api.w.org\/{rel}","templated":true}]}}