{"id":1943,"date":"2026-03-08T09:14:33","date_gmt":"2026-03-08T12:14:33","guid":{"rendered":"https:\/\/tvdiario.com.br\/comercial\/dia-da-mulher-produtora-rural-comanda-sozinha-propriedade-de-75-mil-m%c2%b2-em-mogi-das-cruzes\/"},"modified":"2026-03-08T09:14:33","modified_gmt":"2026-03-08T12:14:33","slug":"dia-da-mulher-produtora-rural-comanda-sozinha-propriedade-de-75-mil-m%c2%b2-em-mogi-das-cruzes","status":"publish","type":"post","link":"https:\/\/tvdiario.com.br\/comercial\/dia-da-mulher-produtora-rural-comanda-sozinha-propriedade-de-75-mil-m%c2%b2-em-mogi-das-cruzes\/","title":{"rendered":"Dia da Mulher: produtora rural comanda sozinha propriedade de 7,5 mil m\u00b2 em Mogi das Cruzes"},"content":{"rendered":"<div><img decoding=\"async\" src=\"https:\/\/tvdiario.com.br\/comercial\/wp-content\/uploads\/2026\/03\/whatsapp-image-2026-03-03-at-123007.jpeg\"><br \/>     Agricultora de Mogi das Cruzes cuida sozinha de propriedade rural<br \/>\n\ud83d\udc69\ud83c\udffd\u200d\ud83c\udf3e\ud83d\ude9c A agricultora Fernanda Vieira, de 32 anos, comanda sozinha uma propriedade de 7,5 mil metros quadrados em Mogi das Cruzes, na Grande S\u00e3o Paulo, munic\u00edpio que integra o Cintur\u00e3o Verde do Estado. Ap\u00f3s anos na produ\u00e7\u00e3o rural da fam\u00edlia, ela decidiu administrar a pr\u00f3pria ch\u00e1cara e percebeu que o maior desafio n\u00e3o era o peso das m\u00e1quinas, mas sim a jornada.<br \/>\n&#8220;N\u00e3o foi f\u00e1cil ir sozinha, mas como eu j\u00e1 tinha no\u00e7\u00e3o de como funciona a produ\u00e7\u00e3o rural, pegar no pesado n\u00e3o foi o mais dif\u00edcil&#8221;, conta.<br \/>\n\u2705 Clique para seguir o canal do g1 Mogi das Cruzes e Suzano no WhatsApp<br \/>\nQuando iniciou a pr\u00f3pria produ\u00e7\u00e3o, aos 20 anos, o filho Bruno Miguel tinha apenas 2. Foi preciso, ent\u00e3o, reorganizar a rotina entre a lavoura, a casa e a maternidade.<br \/>\n&#8220;Era muito corrido. Conciliar casa, filho e trabalho foi a parte mais complicada, conseguir colocar tudo em ordem&#8221;, relembra.<br \/>\nNo Dia Internacional da Mulher, celebrado neste domingo (8), hist\u00f3rias como a de Fernanda mostram uma realidade comum no trabalho feminino: o desafio de administrar jornadas m\u00faltiplas, que muitas vezes n\u00e3o s\u00e3o reconhecidas.<br \/>\n&#8220;As pessoas acham que, por ser mulher, trabalhar com peso e m\u00e1quinas pesadas \u00e9 a parte mais dif\u00edcil, mas isso foi bem tranquilo. A concilia\u00e7\u00e3o de hor\u00e1rio para dar conta de tudo foi o mais dif\u00edcil&#8221;, resume.<br \/>\nFernanda Vieira \u00e9 respons\u00e1vel por todas as etapas da produ\u00e7\u00e3o<br \/>\nArquivo pessoal\/Fernanda Vieira<br \/>\nDa enfermagem \u00e0 lavoura<br \/>\nApesar de ter nascido em uma fam\u00edlia de produtores rurais, Fernanda chegou a cursar enfermagem. &#8220;Eu gostava, mas no meio do caminho vi que n\u00e3o era pra mim, n\u00e3o era o que eu queria de verdade. Foi quando &#8216;me acendeu uma luz&#8217; e eu comecei a trabalhar sozinha&#8221;, conta.<br \/>\nHoje, ela \u00e9 respons\u00e1vel por todas as etapas na ch\u00e1cara: prepara o canteiro com o trator, planta, colhe, embala, vende e atende os clientes. No local, ela produz r\u00facula, acelga, coentro, couve, cebolinha e alface.<br \/>\n&#8220;\u00c9 muita coisa no trabalho e eu ainda preciso de tempo para cuidar do meu filho e de mim. Preciso de tempo para fazer tudo o que uma mulher faz, e t\u00eam dias que as horas n\u00e3o s\u00e3o suficientes&#8221;, diz.<br \/>\nFernanda cresceu na lavoura, junto aos pais agricultores<br \/>\nArquivo pessoal\/Fernanda Vieira<br \/>\n&#8216;O dono da propriedade&#8217;<br \/>\nPara trabalhar no campo, Fernanda conta que sempre procurou n\u00e3o enxergar dificuldades, mas sim pensar que poderia servir de inspira\u00e7\u00e3o para outras mulheres.<br \/>\n&#8220;Sempre enxerguei que outras mulheres poderiam ver que dou conta e pensar que elas tamb\u00e9m podem. Eu j\u00e1 cresci nesse meio, sei que \u00e9 dominado por homens e muitas vezes quando chega algu\u00e9m na ch\u00e1cara para vender alguma coisa, por exemplo, j\u00e1 chegam procurando pelo dono da propriedade&#8221;.<br \/>\nO lugar, por\u00e9m, nunca teve um dono, sempre foi de Fernanda. Ela n\u00e3o tem nenhum funcion\u00e1rio e nunca trabalhou com homens, sempre levou tudo sozinha.<br \/>\n&#8220;Tem gente que fala que trabalho mais que muito homem. Eu realmente trabalho muito e acho que isso acontece pela capacidade que n\u00f3s, mulheres, temos de enxergar que vamos conseguir. N\u00e3o existe outra possibilidade&#8221;, finaliza.<br \/>\nAssista a mais not\u00edcias do Alto Tiet\u00ea<\/div>\n","protected":false},"excerpt":{"rendered":"<p>Agricultora de Mogi das Cruzes cuida sozinha de propriedade rural \ud83d\udc69\ud83c\udffd\u200d\ud83c\udf3e\ud83d\ude9c A agricultora Fernanda Vieira, de 32 anos, comanda sozinha uma propriedade de 7,5 mil metros quadrados em Mogi das &#8230;<\/p>\n","protected":false},"author":3,"featured_media":1944,"comment_status":"closed","ping_status":"closed","sticky":false,"template":"","format":"standard","meta":{"footnotes":""},"categories":[18],"tags":[],"class_list":["post-1943","post","type-post","status-publish","format-standard","has-post-thumbnail","hentry","category-g1"],"_links":{"self":[{"href":"https:\/\/tvdiario.com.br\/comercial\/wp-json\/wp\/v2\/posts\/1943","targetHints":{"allow":["GET"]}}],"collection":[{"href":"https:\/\/tvdiario.com.br\/comercial\/wp-json\/wp\/v2\/posts"}],"about":[{"href":"https:\/\/tvdiario.com.br\/comercial\/wp-json\/wp\/v2\/types\/post"}],"author":[{"embeddable":true,"href":"https:\/\/tvdiario.com.br\/comercial\/wp-json\/wp\/v2\/users\/3"}],"replies":[{"embeddable":true,"href":"https:\/\/tvdiario.com.br\/comercial\/wp-json\/wp\/v2\/comments?post=1943"}],"version-history":[{"count":0,"href":"https:\/\/tvdiario.com.br\/comercial\/wp-json\/wp\/v2\/posts\/1943\/revisions"}],"wp:featuredmedia":[{"embeddable":true,"href":"https:\/\/tvdiario.com.br\/comercial\/wp-json\/wp\/v2\/media\/1944"}],"wp:attachment":[{"href":"https:\/\/tvdiario.com.br\/comercial\/wp-json\/wp\/v2\/media?parent=1943"}],"wp:term":[{"taxonomy":"category","embeddable":true,"href":"https:\/\/tvdiario.com.br\/comercial\/wp-json\/wp\/v2\/categories?post=1943"},{"taxonomy":"post_tag","embeddable":true,"href":"https:\/\/tvdiario.com.br\/comercial\/wp-json\/wp\/v2\/tags?post=1943"}],"curies":[{"name":"wp","href":"https:\/\/api.w.org\/{rel}","templated":true}]}}