{"id":1945,"date":"2026-03-08T15:09:10","date_gmt":"2026-03-08T18:09:10","guid":{"rendered":"https:\/\/tvdiario.com.br\/comercial\/abastecimento-de-agua-e-interrompido-em-bairro-de-mogi-das-cruzes-nesta-segunda-feira\/"},"modified":"2026-03-08T15:09:10","modified_gmt":"2026-03-08T18:09:10","slug":"abastecimento-de-agua-e-interrompido-em-bairro-de-mogi-das-cruzes-nesta-segunda-feira","status":"publish","type":"post","link":"https:\/\/tvdiario.com.br\/comercial\/abastecimento-de-agua-e-interrompido-em-bairro-de-mogi-das-cruzes-nesta-segunda-feira\/","title":{"rendered":"Abastecimento de \u00e1gua \u00e9 interrompido em bairro de Mogi das Cruzes nesta segunda-feira"},"content":{"rendered":"<div><img decoding=\"async\" src=\"https:\/\/tvdiario.com.br\/comercial\/wp-content\/uploads\/2026\/03\/semae-julio.jpg\"><br \/>     Abastecimento de \u00e1gua \u00e9 interrompido em bairro de Mogi das Cruzes<br \/>\nO abastecimento de \u00e1gua vai ser interrompido na Vila Su\u00edssa, em Mogi das Cruzes, nesta segunda-feira (9). A pausa \u00e9 necess\u00e1ria para a manuten\u00e7\u00e3o de uma v\u00e1lvula na rede de distribui\u00e7\u00e3o do bairro.<br \/>\nDe acordo com a Prefeitura de Mogi das Cruzes, o servi\u00e7o ocorre das 8h \u00e0s 16h. O fornecimento de \u00e1gua vai ser retomado na sequ\u00eancia, com a normaliza\u00e7\u00e3o prevista \u00e0 noite.<br \/>\n\u2705 Clique para seguir o canal do g1 Mogi das Cruzes e Suzano no WhatsApp<br \/>\nAs resid\u00eancias que possuem caixa d\u2019\u00e1gua n\u00e3o devem ter a rotina afetada.<br \/>\nMais informa\u00e7\u00f5es pelo\u00a03786-1400, de segunda a sexta, das 7h \u00e0s 21h, e aos s\u00e1bados, domingos e feriados, das 7h \u00e0s 19h. Ou pelo WhatsApp (11) 95807-3381, de segunda a sexta, exceto feriados, das 8h \u00e0s 17h.<br \/>\nLeia mais<br \/>\nCasal da Grande SP retido em navio de cruzeiro em Dubai consegue voo de repatria\u00e7\u00e3o<br \/>\nCaminh\u00e3o tomba na rodovia Mogi-Bertioga e deixa pessoa presa nas ferragens<br \/>\nSemae realiza trabalho em v\u00e1lvula na rede de distribui\u00e7\u00e3o de \u00e1gua na Vila Suissa<br \/>\nPrefeitura de Mogi das Cruzes\/ J\u00falio Nogueira<br \/>\nVeja tudo sobre o Alto Tiet\u00ea<\/div>\n","protected":false},"excerpt":{"rendered":"<p>Abastecimento de \u00e1gua \u00e9 interrompido em bairro de Mogi das Cruzes O abastecimento de \u00e1gua vai ser interrompido na Vila Su\u00edssa, em Mogi das Cruzes, nesta segunda-feira (9). A pausa &#8230;<\/p>\n","protected":false},"author":3,"featured_media":1946,"comment_status":"closed","ping_status":"closed","sticky":false,"template":"","format":"standard","meta":{"footnotes":""},"categories":[18],"tags":[],"class_list":["post-1945","post","type-post","status-publish","format-standard","has-post-thumbnail","hentry","category-g1"],"_links":{"self":[{"href":"https:\/\/tvdiario.com.br\/comercial\/wp-json\/wp\/v2\/posts\/1945","targetHints":{"allow":["GET"]}}],"collection":[{"href":"https:\/\/tvdiario.com.br\/comercial\/wp-json\/wp\/v2\/posts"}],"about":[{"href":"https:\/\/tvdiario.com.br\/comercial\/wp-json\/wp\/v2\/types\/post"}],"author":[{"embeddable":true,"href":"https:\/\/tvdiario.com.br\/comercial\/wp-json\/wp\/v2\/users\/3"}],"replies":[{"embeddable":true,"href":"https:\/\/tvdiario.com.br\/comercial\/wp-json\/wp\/v2\/comments?post=1945"}],"version-history":[{"count":0,"href":"https:\/\/tvdiario.com.br\/comercial\/wp-json\/wp\/v2\/posts\/1945\/revisions"}],"wp:featuredmedia":[{"embeddable":true,"href":"https:\/\/tvdiario.com.br\/comercial\/wp-json\/wp\/v2\/media\/1946"}],"wp:attachment":[{"href":"https:\/\/tvdiario.com.br\/comercial\/wp-json\/wp\/v2\/media?parent=1945"}],"wp:term":[{"taxonomy":"category","embeddable":true,"href":"https:\/\/tvdiario.com.br\/comercial\/wp-json\/wp\/v2\/categories?post=1945"},{"taxonomy":"post_tag","embeddable":true,"href":"https:\/\/tvdiario.com.br\/comercial\/wp-json\/wp\/v2\/tags?post=1945"}],"curies":[{"name":"wp","href":"https:\/\/api.w.org\/{rel}","templated":true}]}}