{"id":1947,"date":"2026-03-08T18:08:47","date_gmt":"2026-03-08T21:08:47","guid":{"rendered":"https:\/\/tvdiario.com.br\/comercial\/mutirao-de-emprego-para-mulheres-oferece-mais-de-200-vagas-em-mogi-das-cruzes-nesta-segunda-feira\/"},"modified":"2026-03-08T18:08:47","modified_gmt":"2026-03-08T21:08:47","slug":"mutirao-de-emprego-para-mulheres-oferece-mais-de-200-vagas-em-mogi-das-cruzes-nesta-segunda-feira","status":"publish","type":"post","link":"https:\/\/tvdiario.com.br\/comercial\/mutirao-de-emprego-para-mulheres-oferece-mais-de-200-vagas-em-mogi-das-cruzes-nesta-segunda-feira\/","title":{"rendered":"Mutir\u00e3o de emprego para mulheres oferece mais de 200 vagas em Mogi das Cruzes nesta segunda-feira"},"content":{"rendered":"<div><img decoding=\"async\" src=\"https:\/\/tvdiario.com.br\/comercial\/wp-content\/uploads\/2026\/03\/202309151627316504b02360a3a.jpg\"><br \/>     Multir\u00e3o de emprego disponibiliza 250 vagas para mulheres.<br \/>\nDivulga\u00e7\u00e3o\/Prefeitura de Mogi das Cruzes<br \/>\nUm mutir\u00e3o de empregos oferece 250 vagas exclusivamente para mulheres nesta segunda-feira (9), das 9h \u00e0s 13h, em Mogi das Cruzes. A a\u00e7\u00e3o faz parte da programa\u00e7\u00e3o do Dia da Mulher e busca ampliar as oportunidades de trabalho para o p\u00fablico feminino na cidade.<br \/>\nO evento \u00e9 organizado pela Prefeitura de Mogi das Cruzes, por meio da Secretaria Municipal de Desenvolvimento Econ\u00f4mico e Trabalho. A iniciativa busca ajudar mulheres da cidade a conseguir o primeiro emprego ou uma recoloca\u00e7\u00e3o no mercado de trabalho.<br \/>\n\u2705 Clique para seguir o canal do g1 Mogi das Cruzes e Suzano no WhatsApp<br \/>\nAs vagas s\u00e3o destinadas a mulheres a partir de 18 anos. Os sal\u00e1rios variam entre R$ 1.621 e R$ 5,1 mil, com oportunidades para diferentes n\u00edveis de escolaridade (veja tabela completa abaixo).<br \/>\nH\u00e1 vagas desde jovem aprendiz e servi\u00e7os gerais at\u00e9 fun\u00e7\u00f5es t\u00e9cnicas e especializadas. Tamb\u00e9m h\u00e1 oportunidades tanto para quem j\u00e1 tem experi\u00eancia quanto para quem procura o primeiro emprego.<br \/>\nVeja os v\u00eddeos que est\u00e3o em alta no g1<br \/>\nPara participar, as interessadas devem ir ao Pr\u00e9dio II da Prefeitura com RG, CPF e curr\u00edculo atualizado.<br \/>\nConfira a as vaga dispon\u00edveis:<br \/>\nVagas dispon\u00edveis em Mogi das Cruzes<br \/>\nA a\u00e7\u00e3o tem apoio da Secretaria da Mulher e faz parte da programa\u00e7\u00e3o do M\u00eas da Mulher em Mogi das Cruzes.<br \/>\nO Pr\u00e9dio II da Prefeitura fica na Rua Francisco Franco, 133, no Centro. Mais informa\u00e7\u00f5es podem ser obtidas pelo telefone (11) 97422-4273.<\/p>\n<p>Assista a mais not\u00edcias sobre o Alto Tiet\u00ea<\/p><\/div>\n","protected":false},"excerpt":{"rendered":"<p>Multir\u00e3o de emprego disponibiliza 250 vagas para mulheres. Divulga\u00e7\u00e3o\/Prefeitura de Mogi das Cruzes Um mutir\u00e3o de empregos oferece 250 vagas exclusivamente para mulheres nesta segunda-feira (9), das 9h \u00e0s 13h, &#8230;<\/p>\n","protected":false},"author":3,"featured_media":1948,"comment_status":"closed","ping_status":"closed","sticky":false,"template":"","format":"standard","meta":{"footnotes":""},"categories":[18],"tags":[],"class_list":["post-1947","post","type-post","status-publish","format-standard","has-post-thumbnail","hentry","category-g1"],"_links":{"self":[{"href":"https:\/\/tvdiario.com.br\/comercial\/wp-json\/wp\/v2\/posts\/1947","targetHints":{"allow":["GET"]}}],"collection":[{"href":"https:\/\/tvdiario.com.br\/comercial\/wp-json\/wp\/v2\/posts"}],"about":[{"href":"https:\/\/tvdiario.com.br\/comercial\/wp-json\/wp\/v2\/types\/post"}],"author":[{"embeddable":true,"href":"https:\/\/tvdiario.com.br\/comercial\/wp-json\/wp\/v2\/users\/3"}],"replies":[{"embeddable":true,"href":"https:\/\/tvdiario.com.br\/comercial\/wp-json\/wp\/v2\/comments?post=1947"}],"version-history":[{"count":0,"href":"https:\/\/tvdiario.com.br\/comercial\/wp-json\/wp\/v2\/posts\/1947\/revisions"}],"wp:featuredmedia":[{"embeddable":true,"href":"https:\/\/tvdiario.com.br\/comercial\/wp-json\/wp\/v2\/media\/1948"}],"wp:attachment":[{"href":"https:\/\/tvdiario.com.br\/comercial\/wp-json\/wp\/v2\/media?parent=1947"}],"wp:term":[{"taxonomy":"category","embeddable":true,"href":"https:\/\/tvdiario.com.br\/comercial\/wp-json\/wp\/v2\/categories?post=1947"},{"taxonomy":"post_tag","embeddable":true,"href":"https:\/\/tvdiario.com.br\/comercial\/wp-json\/wp\/v2\/tags?post=1947"}],"curies":[{"name":"wp","href":"https:\/\/api.w.org\/{rel}","templated":true}]}}