{"id":1951,"date":"2026-03-09T00:09:41","date_gmt":"2026-03-09T03:09:41","guid":{"rendered":"https:\/\/tvdiario.com.br\/comercial\/alto-tiete-semana-tem-temperaturas-amenas-e-possibilidade-de-chuva-veja-previsao-do-tempo\/"},"modified":"2026-03-09T00:09:41","modified_gmt":"2026-03-09T03:09:41","slug":"alto-tiete-semana-tem-temperaturas-amenas-e-possibilidade-de-chuva-veja-previsao-do-tempo","status":"publish","type":"post","link":"https:\/\/tvdiario.com.br\/comercial\/alto-tiete-semana-tem-temperaturas-amenas-e-possibilidade-de-chuva-veja-previsao-do-tempo\/","title":{"rendered":"Alto Tiet\u00ea: semana tem temperaturas amenas e possibilidade de chuva; veja previs\u00e3o do tempo"},"content":{"rendered":"<div><img decoding=\"async\" src=\"https:\/\/tvdiario.com.br\/comercial\/wp-content\/uploads\/2026\/03\/1_-_dsc_1061.jpg\"><br \/>     Temperaturas devem ficar amenas nesta semana em Mogi das Cruzes<br \/>\nBruno Rocha\/Globoesporte.com<br \/>\nO c\u00e9u fica nublado e as temperaturas ficam amenas nesta semana nas cidades do Alto Tiet\u00ea. Elas variam entre os 18\u00ba C e os 25\u00ba C. Em todos os munic\u00edpios h\u00e1 possibilidade de chuva r\u00e1pida durante o dia e a noite (confira abaixo as temperaturas em cada cidade).<br \/>\nNesta segunda-feira (9), as temperaturas alcan\u00e7am os 23\u00ba C em Mogi das Cruzes, com 90% de chance de chuva passageira. Durante toda a semana, a cidade registra sol com algumas nuvens e possibilidade de chuva. As temperaturas come\u00e7am a subir a partir da sexta-feira (13), chegando aos 25\u00ba C.<br \/>\n\u2705 Clique para seguir o canal do g1 Mogi das Cruzes e Suzano no WhatsApp<br \/>\nO destaque da semana vai para Biritiba-Mirim. O munic\u00edpio deve registrar pancadas de chuva no fim da manh\u00e3 e \u00e0 tarde, nesta segunda-feira. J\u00e1 na sexta-feira h\u00e1 possibilidade de temporal na parte da tarde e chuva \u00e0 noite. As temperaturas ficam entre os 18\u00ba C e 25\u00ba C nos pr\u00f3ximos dias.<br \/>\nConfira as temperaturas para esta semana no Alto Tiet\u00ea<br \/>\nTemperaturas no Alto Tiet\u00ea<br \/>\nLeia mais<br \/>\nCasal da Grande SP retido em navio de cruzeiro em Dubai consegue voo de repatria\u00e7\u00e3o<br \/>\nCaminh\u00e3o tomba na rodovia Mogi-Bertioga e deixa pessoa presa nas ferragens<br \/>\nConfira a previs\u00e3o do tempo para o Alto Tiet\u00ea nesta quarta-feira, 04\/03<br \/>\nVeja tudo Alto Tiet\u00ea<\/div>\n","protected":false},"excerpt":{"rendered":"<p>Temperaturas devem ficar amenas nesta semana em Mogi das Cruzes Bruno Rocha\/Globoesporte.com O c\u00e9u fica nublado e as temperaturas ficam amenas nesta semana nas cidades do Alto Tiet\u00ea. Elas variam &#8230;<\/p>\n","protected":false},"author":3,"featured_media":1952,"comment_status":"closed","ping_status":"closed","sticky":false,"template":"","format":"standard","meta":{"footnotes":""},"categories":[18],"tags":[],"class_list":["post-1951","post","type-post","status-publish","format-standard","has-post-thumbnail","hentry","category-g1"],"_links":{"self":[{"href":"https:\/\/tvdiario.com.br\/comercial\/wp-json\/wp\/v2\/posts\/1951","targetHints":{"allow":["GET"]}}],"collection":[{"href":"https:\/\/tvdiario.com.br\/comercial\/wp-json\/wp\/v2\/posts"}],"about":[{"href":"https:\/\/tvdiario.com.br\/comercial\/wp-json\/wp\/v2\/types\/post"}],"author":[{"embeddable":true,"href":"https:\/\/tvdiario.com.br\/comercial\/wp-json\/wp\/v2\/users\/3"}],"replies":[{"embeddable":true,"href":"https:\/\/tvdiario.com.br\/comercial\/wp-json\/wp\/v2\/comments?post=1951"}],"version-history":[{"count":0,"href":"https:\/\/tvdiario.com.br\/comercial\/wp-json\/wp\/v2\/posts\/1951\/revisions"}],"wp:featuredmedia":[{"embeddable":true,"href":"https:\/\/tvdiario.com.br\/comercial\/wp-json\/wp\/v2\/media\/1952"}],"wp:attachment":[{"href":"https:\/\/tvdiario.com.br\/comercial\/wp-json\/wp\/v2\/media?parent=1951"}],"wp:term":[{"taxonomy":"category","embeddable":true,"href":"https:\/\/tvdiario.com.br\/comercial\/wp-json\/wp\/v2\/categories?post=1951"},{"taxonomy":"post_tag","embeddable":true,"href":"https:\/\/tvdiario.com.br\/comercial\/wp-json\/wp\/v2\/tags?post=1951"}],"curies":[{"name":"wp","href":"https:\/\/api.w.org\/{rel}","templated":true}]}}