{"id":1953,"date":"2026-03-09T09:03:07","date_gmt":"2026-03-09T12:03:07","guid":{"rendered":"https:\/\/tvdiario.com.br\/comercial\/letalidade-policial-cai-11-no-alto-tiete-em-2025-itaquaquecetuba-concentra-mais-mortes\/"},"modified":"2026-03-09T09:03:07","modified_gmt":"2026-03-09T12:03:07","slug":"letalidade-policial-cai-11-no-alto-tiete-em-2025-itaquaquecetuba-concentra-mais-mortes","status":"publish","type":"post","link":"https:\/\/tvdiario.com.br\/comercial\/letalidade-policial-cai-11-no-alto-tiete-em-2025-itaquaquecetuba-concentra-mais-mortes\/","title":{"rendered":"Letalidade policial cai 11% no Alto Tiet\u00ea em 2025; Itaquaquecetuba concentra mais mortes"},"content":{"rendered":"<div><img decoding=\"async\" src=\"https:\/\/tvdiario.com.br\/comercial\/wp-content\/uploads\/2026\/03\/whatsapp-image-2025-10-31-at-063323.jpeg\"><br \/>     Itaquaquecetuba \u00e9 a cidade que mais registrou mortes decorr\u00eancia de interven\u00e7\u00e3o policial nos \u00faltimos 8 anos<br \/>\nErasmo Marques\/TV Di\u00e1rio<br \/>\nAs mortes em decorr\u00eancia de interven\u00e7\u00e3o policial no Alto Tiet\u00ea ca\u00edram 11,11% em 2025. Os dados s\u00e3o do Minist\u00e9rio P\u00fablico de S\u00e3o Paulo (MPSP).<br \/>\nItaquaquecetuba se destacou negativamente no ranking. Ao todo, 40% dessas mortes, 11 delas, aconteceram na cidade (leia mais abaixo).<br \/>\n\u2705 Clique para seguir o canal do g1 Mogi das Cruzes e Suzano no WhatsApp<br \/>\nDurante o ano, foram registradas 27 ocorr\u00eancias relacionadas \u00e0 letalidade policial na regi\u00e3o. Desse total, 22 aconteceram durante o servi\u00e7o dos policiais, enquanto as outras cinco ocorreram em dias de folga.<br \/>\nEntre essas mortes, apenas uma foi causada por um agente da Guarda Civil Municipal, que n\u00e3o estava trabalhando. J\u00e1 as outras 26 s\u00e3o atribuidas \u00e0 policiais militares em hor\u00e1rio de trabalho.<br \/>\nSegundo a Secretaria de Seguran\u00e7a P\u00fablica do Estado de S\u00e3o Paulo (SSP), \u201ctodas as ocorr\u00eancias de mortes decorrentes de interven\u00e7\u00e3o policial (MDIPs) s\u00e3o rigorosamente investigadas pelas Pol\u00edcias Civil e Militar, com acompanhamento das respectivas corregedorias, do Minist\u00e9rio P\u00fablico e do Poder Judici\u00e1rio\u201d (confira nota completa abaixo).<br \/>\nVEJA MAIS<br \/>\nVeja os v\u00eddeos que est\u00e3o em alta no g1<br \/>\n A pasta informa ainda que, desde 2023, mais de 1,2 mil agentes foram presos, demitidos ou expulsos das corpora\u00e7\u00f5es por desvios de conduta no estado de S\u00e3o Paulo.<br \/>\nEntre as cidades da regi\u00e3o, Itaquaquecetuba ficou em primeiro lugar no n\u00famero de mortes, seguida por Mogi das Cruzes e Suzano. Confira o gr\u00e1fico:<br \/>\nLetalidade policial no Alto Tiet\u00ea<br \/>\nBiritiba-Mirim, Guararema, Sales\u00f3polis e Santa Isabel n\u00e3o registraram casos nos dois anos.<br \/>\nItaquaquecetuba<br \/>\nA cidade que lidera o ranking de mortes no Alto Tiet\u00ea \u00e9 Itaquaquecetuba. Em 2025, foram registradas 11 mortes, um aumento de 120% em rela\u00e7\u00e3o a 2024, quando houve cinco ocorr\u00eancias.<br \/>\nDesse total, 10 envolveram policiais militares em hor\u00e1rio de trabalho. O caso restante foi a \u00fanica morte causada por um agente da Guarda Civil Municipal fora do hor\u00e1rio de servi\u00e7o em 2025.<br \/>\nO munic\u00edpio tem um hist\u00f3rico de alto \u00edndice de mortes por interven\u00e7\u00e3o policial. Entre 2017 e 2025, foram 82 pessoas mortas, o que representa 29,9% do total registrado no Alto Tiet\u00ea no per\u00edodo.<br \/>\nMortes em decorr\u00eancia de interven\u00e7\u00e3o policial no Alto Tiet\u00ea<br \/>\nSuzano ficou em segundo lugar, com 46 mortes nos \u00faltimos oito anos, 36 a menos que Itaquaquecetuba.<br \/>\nEm nota, a Prefeitura de Itaquaquecetuba informou que n\u00e3o h\u00e1 registro, nos \u00faltimos cinco anos, de mortes decorrentes de interven\u00e7\u00e3o da Guarda Civil Municipal (GCM) durante o exerc\u00edcio do servi\u00e7o.<br \/>\nSegundo a adminstra\u00e7\u00e3o municipal, os guardas civis municipais passam por capacita\u00e7\u00f5es cont\u00ednuas e orienta\u00e7\u00f5es di\u00e1rias quanto ao uso progressivo e escalonado da for\u00e7a, priorizando sempre a media\u00e7\u00e3o de conflitos e o emprego de meios n\u00e3o letais<br \/>\nO que diz a Secretaria de Seguran\u00e7a P\u00fablica do estado de S\u00e3o Paulo<br \/>\nEm nota, a Secretaria de Seguran\u00e7a P\u00fablica do estado de S\u00e3o Paulo informou:<br \/>\n&#8220;A Secretaria da Seguran\u00e7a P\u00fablica (SSP) esclarece que houve redu\u00e7\u00e3o de aproximadamente 25% nos n\u00fameros de mortes decorrentes de confrontos com policiais em servi\u00e7o, nos dois primeiros anos desta gest\u00e3o, em compara\u00e7\u00e3o aos primeiros anos da gest\u00e3o anterior.<br \/>\nA pasta destaca, ainda, que todas as ocorr\u00eancias de mortes decorrentes de interven\u00e7\u00e3o policial (MDIPs) s\u00e3o rigorosamente investigadas pelas Pol\u00edcias Civil e Militar, com acompanhamento das respectivas corregedorias, do Minist\u00e9rio P\u00fablico e do Poder Judici\u00e1rio. Desde 2023, mais de 1,2 mil agentes foram presos, demitidos ou expulsos das corpora\u00e7\u00f5es por desvios de conduta, evidenciando o fortalecimento dos mecanismos de controle, fiscaliza\u00e7\u00e3o e responsabiliza\u00e7\u00e3o.<br \/>\nParalelamente, a pasta mant\u00e9m a\u00e7\u00f5es permanentes voltadas ao aperfei\u00e7oamento do trabalho policial e \u00e0 redu\u00e7\u00e3o da letalidade. Os protocolos operacionais passam por revis\u00f5es cont\u00ednuas e o Estado tem investido de forma consistente em tecnologia, capacita\u00e7\u00e3o profissional e na amplia\u00e7\u00e3o do uso de equipamentos de menor potencial ofensivo. Nesse contexto, mais de 3.500 armas n\u00e3o letais foram incorporadas ao arsenal das for\u00e7as de seguran\u00e7a.&#8221;<br \/>\nO que diz a Prefeitura de Itaquaquecetuba<br \/>\nEm nota, a Prefeitura de Itaquaquecetuba informou:<br \/>\n&#8220;A Prefeitura de Itaquaquecetuba, por meio da Secretaria de Seguran\u00e7a P\u00fablica, esclarece que n\u00e3o h\u00e1 registro, nos \u00faltimos cinco anos, de mortes decorrentes de interven\u00e7\u00e3o da Guarda Civil Municipal (GCM) durante o exerc\u00edcio do servi\u00e7o.<br \/>\nO \u00fanico caso envolvendo um agente da institui\u00e7\u00e3o ocorreu em 2023 e foi caracterizado como excludente de ilicitude. Na ocasi\u00e3o, o servidor estava de folga e, na condi\u00e7\u00e3o de cidad\u00e3o, foi v\u00edtima de um roubo de motocicleta praticado por dois indiv\u00edduos.<br \/>\nDiante da amea\u00e7a iminente \u00e0 sua vida, o agente reagiu em leg\u00edtima defesa, utilizando t\u00e9cnicas aprendidas em treinamentos institucionais. Um dos suspeitos veio a \u00f3bito, enquanto o outro conseguiu fugir.<br \/>\nA Secretaria de Seguran\u00e7a P\u00fablica refor\u00e7a que a GCM de Itaquaquecetuba atua com base nos princ\u00edpios da legalidade, proporcionalidade e preserva\u00e7\u00e3o da vida.<br \/>\nOs guardas civis municipais passam por capacita\u00e7\u00f5es cont\u00ednuas e orienta\u00e7\u00f5es di\u00e1rias quanto ao uso progressivo e escalonado da for\u00e7a, priorizando sempre a media\u00e7\u00e3o de conflitos e o emprego de meios n\u00e3o letais.&#8221;<br \/>\nAssista a mais not\u00edcias sobre o Alto Tiet\u00ea<\/div>\n","protected":false},"excerpt":{"rendered":"<p>Itaquaquecetuba \u00e9 a cidade que mais registrou mortes decorr\u00eancia de interven\u00e7\u00e3o policial nos \u00faltimos 8 anos Erasmo Marques\/TV Di\u00e1rio As mortes em decorr\u00eancia de interven\u00e7\u00e3o policial no Alto Tiet\u00ea ca\u00edram &#8230;<\/p>\n","protected":false},"author":3,"featured_media":1954,"comment_status":"closed","ping_status":"closed","sticky":false,"template":"","format":"standard","meta":{"footnotes":""},"categories":[18],"tags":[],"class_list":["post-1953","post","type-post","status-publish","format-standard","has-post-thumbnail","hentry","category-g1"],"_links":{"self":[{"href":"https:\/\/tvdiario.com.br\/comercial\/wp-json\/wp\/v2\/posts\/1953","targetHints":{"allow":["GET"]}}],"collection":[{"href":"https:\/\/tvdiario.com.br\/comercial\/wp-json\/wp\/v2\/posts"}],"about":[{"href":"https:\/\/tvdiario.com.br\/comercial\/wp-json\/wp\/v2\/types\/post"}],"author":[{"embeddable":true,"href":"https:\/\/tvdiario.com.br\/comercial\/wp-json\/wp\/v2\/users\/3"}],"replies":[{"embeddable":true,"href":"https:\/\/tvdiario.com.br\/comercial\/wp-json\/wp\/v2\/comments?post=1953"}],"version-history":[{"count":0,"href":"https:\/\/tvdiario.com.br\/comercial\/wp-json\/wp\/v2\/posts\/1953\/revisions"}],"wp:featuredmedia":[{"embeddable":true,"href":"https:\/\/tvdiario.com.br\/comercial\/wp-json\/wp\/v2\/media\/1954"}],"wp:attachment":[{"href":"https:\/\/tvdiario.com.br\/comercial\/wp-json\/wp\/v2\/media?parent=1953"}],"wp:term":[{"taxonomy":"category","embeddable":true,"href":"https:\/\/tvdiario.com.br\/comercial\/wp-json\/wp\/v2\/categories?post=1953"},{"taxonomy":"post_tag","embeddable":true,"href":"https:\/\/tvdiario.com.br\/comercial\/wp-json\/wp\/v2\/tags?post=1953"}],"curies":[{"name":"wp","href":"https:\/\/api.w.org\/{rel}","templated":true}]}}