{"id":1955,"date":"2026-03-09T18:14:59","date_gmt":"2026-03-09T21:14:59","guid":{"rendered":"https:\/\/tvdiario.com.br\/comercial\/curso-gratuito-de-eletricista-abre-16-vagas-em-mogi-das-cruzes\/"},"modified":"2026-03-09T18:14:59","modified_gmt":"2026-03-09T21:14:59","slug":"curso-gratuito-de-eletricista-abre-16-vagas-em-mogi-das-cruzes","status":"publish","type":"post","link":"https:\/\/tvdiario.com.br\/comercial\/curso-gratuito-de-eletricista-abre-16-vagas-em-mogi-das-cruzes\/","title":{"rendered":"Curso gratuito de eletricista abre 16 vagas em Mogi das Cruzes"},"content":{"rendered":"<div><img decoding=\"async\" src=\"https:\/\/tvdiario.com.br\/comercial\/wp-content\/uploads\/2026\/03\/curso-eletricista-charlestriguei.jpg\"><br \/>     Jovens podem se inscrever em curso de eletricista em Mogi das Cruzes<br \/>\nCharles Trigueiro\/EDP<br \/>\nMoradores de Mogi das Cruzes podem se inscrever at\u00e9 20 de mar\u00e7o em um curso gratuito de forma\u00e7\u00e3o para eletricista de redes de distribui\u00e7\u00e3o de energia. As inscri\u00e7\u00f5es s\u00e3o feitas pela internet.<br \/>\nO processo seletivo inclui prova te\u00f3rica e pr\u00e1tica, al\u00e9m de avalia\u00e7\u00e3o psicossocial e entrevista.<br \/>\nAo todo, s\u00e3o 16 vagas. Para participar, \u00e9 necess\u00e1rio ter mais de 18 anos, ensino m\u00e9dio completo e disponibilidade em per\u00edodo integral.<br \/>\nClique aqui para se inscrever<br \/>\nAs aulas ser\u00e3o de segunda a sexta-feira, das 8h \u00e0s 17h. A capacita\u00e7\u00e3o \u00e9 realizada em parceria com o Servi\u00e7o Nacional de Aprendizagem Industrial (Senai).<br \/>\nVeja mais not\u00edcias<br \/>\nVeja os v\u00eddeos que est\u00e3o em alta no g1<br \/>\nForma\u00e7\u00e3o te\u00f3rica e pr\u00e1tica<br \/>\nO curso ter\u00e1 cerca de 500 horas de dura\u00e7\u00e3o. A previs\u00e3o \u00e9 que as aulas comecem em maio e terminem em agosto. O curso ter\u00e1 aulas te\u00f3ricas e pr\u00e1ticas sobre o funcionamento dos sistemas el\u00e9tricos.<br \/>\n\u2705 Clique para seguir o canal do g1 Mogi das Cruzes e Suzano no WhatsApp<br \/>\nOs alunos v\u00e3o aprender procedimentos e t\u00e9cnicas para o planejamento, execu\u00e7\u00e3o, avalia\u00e7\u00e3o e inspe\u00e7\u00e3o das redes de distribui\u00e7\u00e3o. Tamb\u00e9m ser\u00e3o abordadas manuten\u00e7\u00f5es preventivas e corretivas, seguindo normas t\u00e9cnicas e de seguran\u00e7a.<br \/>\nEscola de Eletricistas<br \/>\nO programa \u00e9 uma iniciativa da EDP, concession\u00e1ria que atende ao Alto Tiet\u00ea, \u00e9 gratuito e tem como objetivo formar eletricistas de redes de distribui\u00e7\u00e3o de energia.<br \/>\nOs alunos selecionados receber\u00e3o material did\u00e1tico, uniforme e Equipamentos de Prote\u00e7\u00e3o Individual (EPIs), al\u00e9m de bolsa-aux\u00edlio.<br \/>\nAo final do curso, os alunos receber\u00e3o certificado do Servi\u00e7o Nacional de Aprendizagem Industrial (Senai).<br \/>\nEles tamb\u00e9m passar\u00e3o a fazer parte do banco de talentos da EDP e de empresas parceiras, podendo participar de processos seletivos para vagas efetivas.<br \/>\nEscola \u202fde \u202fEletricistas<br \/>\nQuando: at\u00e9 20 de mar\u00e7o de 2026<br \/>\nOnde: Senai Nami Jafet em Mogi das Cruzes<br \/>\nVagas: 16<br \/>\nDura\u00e7\u00e3o: 3 meses<br \/>\nPrevis\u00e3o de in\u00edcio: maio\/2026<br \/>\nPrevis\u00e3o de t\u00e9rmino: agosto\/2026\u202f<br \/>\nAssista a mais not\u00edcias sobre o Alto Tiet\u00ea<\/div>\n","protected":false},"excerpt":{"rendered":"<p>Jovens podem se inscrever em curso de eletricista em Mogi das Cruzes Charles Trigueiro\/EDP Moradores de Mogi das Cruzes podem se inscrever at\u00e9 20 de mar\u00e7o em um curso gratuito &#8230;<\/p>\n","protected":false},"author":3,"featured_media":1956,"comment_status":"closed","ping_status":"closed","sticky":false,"template":"","format":"standard","meta":{"footnotes":""},"categories":[18],"tags":[],"class_list":["post-1955","post","type-post","status-publish","format-standard","has-post-thumbnail","hentry","category-g1"],"_links":{"self":[{"href":"https:\/\/tvdiario.com.br\/comercial\/wp-json\/wp\/v2\/posts\/1955","targetHints":{"allow":["GET"]}}],"collection":[{"href":"https:\/\/tvdiario.com.br\/comercial\/wp-json\/wp\/v2\/posts"}],"about":[{"href":"https:\/\/tvdiario.com.br\/comercial\/wp-json\/wp\/v2\/types\/post"}],"author":[{"embeddable":true,"href":"https:\/\/tvdiario.com.br\/comercial\/wp-json\/wp\/v2\/users\/3"}],"replies":[{"embeddable":true,"href":"https:\/\/tvdiario.com.br\/comercial\/wp-json\/wp\/v2\/comments?post=1955"}],"version-history":[{"count":0,"href":"https:\/\/tvdiario.com.br\/comercial\/wp-json\/wp\/v2\/posts\/1955\/revisions"}],"wp:featuredmedia":[{"embeddable":true,"href":"https:\/\/tvdiario.com.br\/comercial\/wp-json\/wp\/v2\/media\/1956"}],"wp:attachment":[{"href":"https:\/\/tvdiario.com.br\/comercial\/wp-json\/wp\/v2\/media?parent=1955"}],"wp:term":[{"taxonomy":"category","embeddable":true,"href":"https:\/\/tvdiario.com.br\/comercial\/wp-json\/wp\/v2\/categories?post=1955"},{"taxonomy":"post_tag","embeddable":true,"href":"https:\/\/tvdiario.com.br\/comercial\/wp-json\/wp\/v2\/tags?post=1955"}],"curies":[{"name":"wp","href":"https:\/\/api.w.org\/{rel}","templated":true}]}}