{"id":1957,"date":"2026-03-09T21:23:45","date_gmt":"2026-03-10T00:23:45","guid":{"rendered":"https:\/\/tvdiario.com.br\/comercial\/ferraz-de-vasconcelos-realiza-mutirao-de-emprego-para-mulheres-com-mais-de-100-vagas\/"},"modified":"2026-03-09T21:23:45","modified_gmt":"2026-03-10T00:23:45","slug":"ferraz-de-vasconcelos-realiza-mutirao-de-emprego-para-mulheres-com-mais-de-100-vagas","status":"publish","type":"post","link":"https:\/\/tvdiario.com.br\/comercial\/ferraz-de-vasconcelos-realiza-mutirao-de-emprego-para-mulheres-com-mais-de-100-vagas\/","title":{"rendered":"Ferraz de Vasconcelos realiza mutir\u00e3o de emprego para mulheres com mais de 100 vagas"},"content":{"rendered":"<div><img decoding=\"async\" src=\"https:\/\/tvdiario.com.br\/comercial\/wp-content\/uploads\/2026\/03\/ctps-carteira-de-trabalho.jpg\"><br \/>     Ferraz de Vasconcelos realiza mutir\u00e3o de emprego para mulheres com mais de 100 vagas<br \/>\nAg\u00eancia Brasil<br \/>\nUm mutir\u00e3o de emprego para mulheres com 130 vagas ocorre nesta ter\u00e7a-feira (10), na Casa da Mulher Paulista Ferrazense, em Ferraz de Vasconcelos. As senhas v\u00e3o ser distribu\u00eddas das 8h30 \u00e0s 12h. As oportunidades s\u00e3o para diversas \u00e1reas de atua\u00e7\u00e3o.<br \/>\nDe acordo com a Prefeitura de Ferraz de Vasconcelos, a iniciativa representa uma integra\u00e7\u00e3o entre as pol\u00edticas p\u00fablicas de\u00a0 emprego e renda e o fortalecimento da autonomia econ\u00f4mica das mulheres. Muitas profissionais enfrentam barreiras para acessar o mercado de trabalho, devido \u00e0s responsabilidades familiares e falta de informa\u00e7\u00e3o sobre vagas.<br \/>\n\u2705 Clique para seguir o canal do g1 Mogi das Cruzes e Suzano no WhatsApp<br \/>\nSegundo a administra\u00e7\u00e3o municipal, a a\u00e7\u00e3o, al\u00e9m de oferecer as vagas, tamb\u00e9m conta com orienta\u00e7\u00e3o profissional para quem busca oportunidades ou uma recoloca\u00e7\u00e3o no mercado, e aux\u00edlio na elabora\u00e7\u00e3o do curr\u00edculo.<br \/>\nO Sebrae M\u00f3vel tamb\u00e9m estar\u00e1 presente, oferecendo orienta\u00e7\u00f5es para quem deseja abrir a pr\u00f3pria empresa.<br \/>\nA Casa da Mulher Paulista Ferrazense fica na rua Dom Jo\u00e3o VI, 513, no Jardim Ferrazense. \u00c9 necess\u00e1rio levar curr\u00edculo atualizado, RG, CPF e carteira de trabalho.<br \/>\nLeia mais<br \/>\nLetalidade policial cai 11% no Alto Tiet\u00ea em 2025; Itaquaquecetuba concentra mais mortes<br \/>\nDia da Mulher: produtora rural comanda sozinha propriedade de 7,5 mil m\u00b2 em Mogi das Cruzes<br \/>\nVeja tudo sobre o Alto Tiet\u00ea<\/div>\n","protected":false},"excerpt":{"rendered":"<p>Ferraz de Vasconcelos realiza mutir\u00e3o de emprego para mulheres com mais de 100 vagas Ag\u00eancia Brasil Um mutir\u00e3o de emprego para mulheres com 130 vagas ocorre nesta ter\u00e7a-feira (10), na &#8230;<\/p>\n","protected":false},"author":3,"featured_media":1958,"comment_status":"closed","ping_status":"closed","sticky":false,"template":"","format":"standard","meta":{"footnotes":""},"categories":[18],"tags":[],"class_list":["post-1957","post","type-post","status-publish","format-standard","has-post-thumbnail","hentry","category-g1"],"_links":{"self":[{"href":"https:\/\/tvdiario.com.br\/comercial\/wp-json\/wp\/v2\/posts\/1957","targetHints":{"allow":["GET"]}}],"collection":[{"href":"https:\/\/tvdiario.com.br\/comercial\/wp-json\/wp\/v2\/posts"}],"about":[{"href":"https:\/\/tvdiario.com.br\/comercial\/wp-json\/wp\/v2\/types\/post"}],"author":[{"embeddable":true,"href":"https:\/\/tvdiario.com.br\/comercial\/wp-json\/wp\/v2\/users\/3"}],"replies":[{"embeddable":true,"href":"https:\/\/tvdiario.com.br\/comercial\/wp-json\/wp\/v2\/comments?post=1957"}],"version-history":[{"count":0,"href":"https:\/\/tvdiario.com.br\/comercial\/wp-json\/wp\/v2\/posts\/1957\/revisions"}],"wp:featuredmedia":[{"embeddable":true,"href":"https:\/\/tvdiario.com.br\/comercial\/wp-json\/wp\/v2\/media\/1958"}],"wp:attachment":[{"href":"https:\/\/tvdiario.com.br\/comercial\/wp-json\/wp\/v2\/media?parent=1957"}],"wp:term":[{"taxonomy":"category","embeddable":true,"href":"https:\/\/tvdiario.com.br\/comercial\/wp-json\/wp\/v2\/categories?post=1957"},{"taxonomy":"post_tag","embeddable":true,"href":"https:\/\/tvdiario.com.br\/comercial\/wp-json\/wp\/v2\/tags?post=1957"}],"curies":[{"name":"wp","href":"https:\/\/api.w.org\/{rel}","templated":true}]}}