{"id":1959,"date":"2026-03-10T10:05:25","date_gmt":"2026-03-10T13:05:25","guid":{"rendered":"https:\/\/tvdiario.com.br\/comercial\/mulher-de-32-anos-morre-afogada-em-piscina-em-guararema\/"},"modified":"2026-03-10T10:05:25","modified_gmt":"2026-03-10T13:05:25","slug":"mulher-de-32-anos-morre-afogada-em-piscina-em-guararema","status":"publish","type":"post","link":"https:\/\/tvdiario.com.br\/comercial\/mulher-de-32-anos-morre-afogada-em-piscina-em-guararema\/","title":{"rendered":"Mulher de 32 anos morre afogada em piscina em Guararema"},"content":{"rendered":"<div><img decoding=\"async\" src=\"https:\/\/tvdiario.com.br\/comercial\/wp-content\/uploads\/2026\/03\/whatsapp-image-2025-05-23-at-122407-222.jpeg\"><br \/>     Caso foi registrado na Delegacia de Guararema<br \/>\nAlessandro Batata\/TV Di\u00e1rio<br \/>\nUma mulher de 32 anos morreu afogada na madrugada desta ter\u00e7a-feira (10), em Guararema. O caso aconteceu na rua Jo\u00e3o Os\u00f3rio Silveira Martins, no bairro Ita\u00f3ca, e a v\u00edtima foi identificada como Deizeally Cristini Ribeiro.<br \/>\nSegundo o Corpo de Bombeiros, as equipes foram acionadas ap\u00f3s o namorado da v\u00edtima encontrar a mulher dentro da piscina da casa onde estavam.<br \/>\n\u2705 Clique para seguir o canal do g1 Mogi das Cruzes e Suzano no WhatsApp<br \/>\nPoliciais militares que atenderam a ocorr\u00eancia relataram que, ao chegarem ao local, encontraram a piscina coberta por uma lona presa por el\u00e1sticos. Em um dos pontos, pr\u00f3ximo \u00e0 porta da cozinha, a lona estava dobrada, deixando parte da \u00e1gua descoberta.<br \/>\nAo retirarem a cobertura, os agentes localizaram a v\u00edtima submersa. Ela vestia short jeans e uma blusa curta colorida. No fundo da piscina tamb\u00e9m foi encontrado um celular que estava com ela.<br \/>\nEm seguida, equipes do Corpo de Bombeiros chegaram ao im\u00f3vel e retiraram o corpo da \u00e1gua. De acordo com o registro policial, Deizeally j\u00e1 apresentava sinais de rigidez cadav\u00e9rica e extremidades arroxeadas.<br \/>\nO Servi\u00e7o de Atendimento M\u00f3vel de Urg\u00eancia (Samu) tamb\u00e9m foi acionado e um m\u00e9dico da equipe constatou a morte no local. A causa foi apontada inicialmente como externa, possivelmente decorrente de afogamento.<br \/>\nA per\u00edcia t\u00e9cnica foi chamada e a \u00e1rea foi preservada at\u00e9 a chegada dos peritos. O caso foi registrado na Delegacia de Guararema como morte suspeita e ser\u00e1 investigado.<br \/>\nVeja tamb\u00e9m<br \/>\nVeja os v\u00eddeos que est\u00e3o em alta no g1<br \/>\nAssista a mais not\u00edcias do Alto Tiet\u00ea<\/div>\n","protected":false},"excerpt":{"rendered":"<p>Caso foi registrado na Delegacia de Guararema Alessandro Batata\/TV Di\u00e1rio Uma mulher de 32 anos morreu afogada na madrugada desta ter\u00e7a-feira (10), em Guararema. O caso aconteceu na rua Jo\u00e3o &#8230;<\/p>\n","protected":false},"author":3,"featured_media":1960,"comment_status":"closed","ping_status":"closed","sticky":false,"template":"","format":"standard","meta":{"footnotes":""},"categories":[18],"tags":[],"class_list":["post-1959","post","type-post","status-publish","format-standard","has-post-thumbnail","hentry","category-g1"],"_links":{"self":[{"href":"https:\/\/tvdiario.com.br\/comercial\/wp-json\/wp\/v2\/posts\/1959","targetHints":{"allow":["GET"]}}],"collection":[{"href":"https:\/\/tvdiario.com.br\/comercial\/wp-json\/wp\/v2\/posts"}],"about":[{"href":"https:\/\/tvdiario.com.br\/comercial\/wp-json\/wp\/v2\/types\/post"}],"author":[{"embeddable":true,"href":"https:\/\/tvdiario.com.br\/comercial\/wp-json\/wp\/v2\/users\/3"}],"replies":[{"embeddable":true,"href":"https:\/\/tvdiario.com.br\/comercial\/wp-json\/wp\/v2\/comments?post=1959"}],"version-history":[{"count":0,"href":"https:\/\/tvdiario.com.br\/comercial\/wp-json\/wp\/v2\/posts\/1959\/revisions"}],"wp:featuredmedia":[{"embeddable":true,"href":"https:\/\/tvdiario.com.br\/comercial\/wp-json\/wp\/v2\/media\/1960"}],"wp:attachment":[{"href":"https:\/\/tvdiario.com.br\/comercial\/wp-json\/wp\/v2\/media?parent=1959"}],"wp:term":[{"taxonomy":"category","embeddable":true,"href":"https:\/\/tvdiario.com.br\/comercial\/wp-json\/wp\/v2\/categories?post=1959"},{"taxonomy":"post_tag","embeddable":true,"href":"https:\/\/tvdiario.com.br\/comercial\/wp-json\/wp\/v2\/tags?post=1959"}],"curies":[{"name":"wp","href":"https:\/\/api.w.org\/{rel}","templated":true}]}}