{"id":1961,"date":"2026-03-10T12:11:41","date_gmt":"2026-03-10T15:11:41","guid":{"rendered":"https:\/\/tvdiario.com.br\/comercial\/ana-castela-e-menos-e-mais-fazem-shows-gratuitos-no-aniversario-de-77-anos-de-poa-veja-programacao\/"},"modified":"2026-03-10T12:11:41","modified_gmt":"2026-03-10T15:11:41","slug":"ana-castela-e-menos-e-mais-fazem-shows-gratuitos-no-aniversario-de-77-anos-de-poa-veja-programacao","status":"publish","type":"post","link":"https:\/\/tvdiario.com.br\/comercial\/ana-castela-e-menos-e-mais-fazem-shows-gratuitos-no-aniversario-de-77-anos-de-poa-veja-programacao\/","title":{"rendered":"Ana Castela e Menos \u00e9 Mais fazem shows gratuitos no anivers\u00e1rio de 77 anos de Po\u00e1; veja programa\u00e7\u00e3o"},"content":{"rendered":"<div><img decoding=\"async\" src=\"https:\/\/tvdiario.com.br\/comercial\/wp-content\/uploads\/2026\/03\/design-sem-nome-2-.jpg\"><br \/>     Ana Castela e Menos \u00e9 Mais s\u00e3o atra\u00e7\u00e3o no anivers\u00e1rio de Po\u00e1<br \/>\n\u00c9rico Andrade\/g1<br \/>\nA cantora Ana Castela e o grupo Menos \u00e9 Mais est\u00e3o entre as atra\u00e7\u00f5es gratuitas do anivers\u00e1rio de 77 anos de Po\u00e1, na Grande S\u00e3o Paulo. Os shows fazem parte do Po\u00e1 Fest 2026, que ser\u00e1 realizado entre os dias 26 e 29 de mar\u00e7o na Pra\u00e7a de Eventos Luc\u00edlia Gomes Felippe.<br \/>\nA programa\u00e7\u00e3o tamb\u00e9m inclui uma apresenta\u00e7\u00e3o do Minist\u00e9rio Morada e um dia dedicado ao p\u00fablico infantil, com personagens da Patrulha Canina. Para entrar no setor pista, o p\u00fablico precisa retirar o ingresso pela internet e doar um alimento diferente em cada dia do evento.<br \/>\n\u2705 Clique para seguir o canal do g1 Mogi das Cruzes e Suzano no WhatsApp<br \/>\nOs alimentos arrecadados ser\u00e3o destinados ao Fundo Social de Po\u00e1 e a entidades que atendem fam\u00edlias em situa\u00e7\u00e3o de vulnerabilidade no munic\u00edpio.<br \/>\nClique aqui para garantir o ingresso.<br \/>\nConfira a programa\u00e7\u00e3o do Po\u00e1 Fest 2026:<br \/>\nQuinta-feira (26) \u2013 Minist\u00e9rio Morada A abertura do evento ser\u00e1 no pr\u00f3prio dia do anivers\u00e1rio da cidade, com apresenta\u00e7\u00e3o do grupo gospel Minist\u00e9rio Morada. Para entrar, \u00e9 necess\u00e1rio apresentar o ingresso e doar um pacote de macarr\u00e3o.<br \/>\nSexta-feira (27) \u2013 Menos \u00e9 Mais O grupo de pagode Menos \u00e9 Mais sobe ao palco na sexta-feira. A entrada solid\u00e1ria prev\u00ea a doa\u00e7\u00e3o de um quilo de arroz.<br \/>\nS\u00e1bado (28) \u2013 Ana Castela Ana Castela ser\u00e1 a atra\u00e7\u00e3o principal da noite de s\u00e1bado. Para participar, o p\u00fablico dever\u00e1 doar um pacote de feij\u00e3o.<br \/>\nDomingo (29) \u2013 Patrulha Canina e atra\u00e7\u00f5es infantis O encerramento da programa\u00e7\u00e3o ser\u00e1 voltado para as crian\u00e7as, com apresenta\u00e7\u00e3o da Patrulha Canina e outros personagens infantis. A entrada ser\u00e1 gratuita e sem necessidade de doa\u00e7\u00e3o de alimentos.<br \/>\nVeja tamb\u00e9m<br \/>\nVeja os v\u00eddeos que est\u00e3o em alta no g1<br \/>\n\u27a1\ufe0f De quinta a s\u00e1bado, os port\u00f5es da Pra\u00e7a de Eventos ser\u00e3o abertos \u00e0s 18h. No domingo, a programa\u00e7\u00e3o come\u00e7a \u00e0s 10h.<br \/>\nPara participar dos shows, \u00e9 necess\u00e1rio emitir o ingresso gratuito pelo site do evento. No dia escolhido, o acesso ser\u00e1 liberado mediante a apresenta\u00e7\u00e3o do ingresso digital e a doa\u00e7\u00e3o do alimento solicitado.<br \/>\nAssista a mais not\u00edcias do Alto Tiet\u00ea<\/div>\n","protected":false},"excerpt":{"rendered":"<p>Ana Castela e Menos \u00e9 Mais s\u00e3o atra\u00e7\u00e3o no anivers\u00e1rio de Po\u00e1 \u00c9rico Andrade\/g1 A cantora Ana Castela e o grupo Menos \u00e9 Mais est\u00e3o entre as atra\u00e7\u00f5es gratuitas do &#8230;<\/p>\n","protected":false},"author":3,"featured_media":1962,"comment_status":"closed","ping_status":"closed","sticky":false,"template":"","format":"standard","meta":{"footnotes":""},"categories":[18],"tags":[],"class_list":["post-1961","post","type-post","status-publish","format-standard","has-post-thumbnail","hentry","category-g1"],"_links":{"self":[{"href":"https:\/\/tvdiario.com.br\/comercial\/wp-json\/wp\/v2\/posts\/1961","targetHints":{"allow":["GET"]}}],"collection":[{"href":"https:\/\/tvdiario.com.br\/comercial\/wp-json\/wp\/v2\/posts"}],"about":[{"href":"https:\/\/tvdiario.com.br\/comercial\/wp-json\/wp\/v2\/types\/post"}],"author":[{"embeddable":true,"href":"https:\/\/tvdiario.com.br\/comercial\/wp-json\/wp\/v2\/users\/3"}],"replies":[{"embeddable":true,"href":"https:\/\/tvdiario.com.br\/comercial\/wp-json\/wp\/v2\/comments?post=1961"}],"version-history":[{"count":0,"href":"https:\/\/tvdiario.com.br\/comercial\/wp-json\/wp\/v2\/posts\/1961\/revisions"}],"wp:featuredmedia":[{"embeddable":true,"href":"https:\/\/tvdiario.com.br\/comercial\/wp-json\/wp\/v2\/media\/1962"}],"wp:attachment":[{"href":"https:\/\/tvdiario.com.br\/comercial\/wp-json\/wp\/v2\/media?parent=1961"}],"wp:term":[{"taxonomy":"category","embeddable":true,"href":"https:\/\/tvdiario.com.br\/comercial\/wp-json\/wp\/v2\/categories?post=1961"},{"taxonomy":"post_tag","embeddable":true,"href":"https:\/\/tvdiario.com.br\/comercial\/wp-json\/wp\/v2\/tags?post=1961"}],"curies":[{"name":"wp","href":"https:\/\/api.w.org\/{rel}","templated":true}]}}