{"id":1971,"date":"2026-03-11T12:10:37","date_gmt":"2026-03-11T15:10:37","guid":{"rendered":"https:\/\/tvdiario.com.br\/comercial\/homem-e-preso-com-carga-de-cigarros-contrabandeados-do-paraguai-na-rodovia-ayrton-senna\/"},"modified":"2026-03-11T12:10:37","modified_gmt":"2026-03-11T15:10:37","slug":"homem-e-preso-com-carga-de-cigarros-contrabandeados-do-paraguai-na-rodovia-ayrton-senna","status":"publish","type":"post","link":"https:\/\/tvdiario.com.br\/comercial\/homem-e-preso-com-carga-de-cigarros-contrabandeados-do-paraguai-na-rodovia-ayrton-senna\/","title":{"rendered":"Homem \u00e9 preso com carga de cigarros contrabandeados do Paraguai na Rodovia Ayrton Senna"},"content":{"rendered":"<div><img decoding=\"async\" src=\"https:\/\/tvdiario.com.br\/comercial\/wp-content\/uploads\/2026\/03\/cigarro.jpg\"><br \/>     Carga de cigarros foi apreendida na rodovia Ayrton Senna<br \/>\nDivulga\u00e7\u00e3o \/ Pol\u00edcia Rodovi\u00e1ria<br \/>\nUm homem foi preso com uma carga de cigarros contrabandeados do Paraguai em Itaquaquecetuba. O caso foi registrado na altura do quil\u00f4metro 38 da rodovia Ayrton Senna (SP\u2013070) \u00e0s 23h desta ter\u00e7a-feira (10).<br \/>\n\u2705 Clique para seguir o canal do g1 Mogi das Cruzes e Suzano no WhatsApp<br \/>\nSegundo a Pol\u00edcia Militar Rodovi\u00e1ria, uma equipe realizava uma fiscaliza\u00e7\u00e3o na pra\u00e7a de ped\u00e1gio do km 38 quando os agentes notaram que um carro mudou de faixa bruscamente ao ver a viatura.<br \/>\nOs policiais iniciaram um acompanhamento e deram ordem de parada ao motorista. Durante a vistoria no ve\u00edculo, foram encontradas duas caixas com 158 pacotes de cigarros contrabandeados do Paraguai, sem nota fiscal.<br \/>\nA carga foi apreendida e o condutor foi preso em flagrante, mas vai responder o inqu\u00e9rito em liberdade.<br \/>\nO caso foi registrado como averigua\u00e7\u00e3o de contrabando no Distrito Policial Central de Itaquaquecetuba.<br \/>\nVEJA MAIS<br \/>\nVeja os v\u00eddeos que est\u00e3o em alta no g1<br \/>\nAssista a mais not\u00edcias sobre o Alto Tiet\u00ea<\/div>\n","protected":false},"excerpt":{"rendered":"<p>Carga de cigarros foi apreendida na rodovia Ayrton Senna Divulga\u00e7\u00e3o \/ Pol\u00edcia Rodovi\u00e1ria Um homem foi preso com uma carga de cigarros contrabandeados do Paraguai em Itaquaquecetuba. O caso foi &#8230;<\/p>\n","protected":false},"author":3,"featured_media":1972,"comment_status":"closed","ping_status":"closed","sticky":false,"template":"","format":"standard","meta":{"footnotes":""},"categories":[18],"tags":[],"class_list":["post-1971","post","type-post","status-publish","format-standard","has-post-thumbnail","hentry","category-g1"],"_links":{"self":[{"href":"https:\/\/tvdiario.com.br\/comercial\/wp-json\/wp\/v2\/posts\/1971","targetHints":{"allow":["GET"]}}],"collection":[{"href":"https:\/\/tvdiario.com.br\/comercial\/wp-json\/wp\/v2\/posts"}],"about":[{"href":"https:\/\/tvdiario.com.br\/comercial\/wp-json\/wp\/v2\/types\/post"}],"author":[{"embeddable":true,"href":"https:\/\/tvdiario.com.br\/comercial\/wp-json\/wp\/v2\/users\/3"}],"replies":[{"embeddable":true,"href":"https:\/\/tvdiario.com.br\/comercial\/wp-json\/wp\/v2\/comments?post=1971"}],"version-history":[{"count":0,"href":"https:\/\/tvdiario.com.br\/comercial\/wp-json\/wp\/v2\/posts\/1971\/revisions"}],"wp:featuredmedia":[{"embeddable":true,"href":"https:\/\/tvdiario.com.br\/comercial\/wp-json\/wp\/v2\/media\/1972"}],"wp:attachment":[{"href":"https:\/\/tvdiario.com.br\/comercial\/wp-json\/wp\/v2\/media?parent=1971"}],"wp:term":[{"taxonomy":"category","embeddable":true,"href":"https:\/\/tvdiario.com.br\/comercial\/wp-json\/wp\/v2\/categories?post=1971"},{"taxonomy":"post_tag","embeddable":true,"href":"https:\/\/tvdiario.com.br\/comercial\/wp-json\/wp\/v2\/tags?post=1971"}],"curies":[{"name":"wp","href":"https:\/\/api.w.org\/{rel}","templated":true}]}}