{"id":1973,"date":"2026-03-11T15:04:51","date_gmt":"2026-03-11T18:04:51","guid":{"rendered":"https:\/\/tvdiario.com.br\/comercial\/guararema-recebe-24a-festa-de-sao-longuinho-com-novenas-shows-e-quermesse-veja-programacao\/"},"modified":"2026-03-11T15:04:51","modified_gmt":"2026-03-11T18:04:51","slug":"guararema-recebe-24a-festa-de-sao-longuinho-com-novenas-shows-e-quermesse-veja-programacao","status":"publish","type":"post","link":"https:\/\/tvdiario.com.br\/comercial\/guararema-recebe-24a-festa-de-sao-longuinho-com-novenas-shows-e-quermesse-veja-programacao\/","title":{"rendered":"Guararema recebe 24\u00aa Festa de S\u00e3o Longuinho com novenas, shows e quermesse; veja programa\u00e7\u00e3o"},"content":{"rendered":"<div><img decoding=\"async\" src=\"https:\/\/tvdiario.com.br\/comercial\/wp-content\/uploads\/2026\/03\/whatsapp-image-2025-03-14-at-071939.jpeg\"><br \/>     Guararema realiza 24\u00aa Festa de S\u00e3o Longuinho<br \/>\nA 24\u00aa edi\u00e7\u00e3o da Festa de S\u00e3o Longuinho em Guararema segue at\u00e9 15 de mar\u00e7o. Uma das celebra\u00e7\u00f5es mais tradicionais da cidade, o evento ocorre no bairro Freguesia da Escada. A programa\u00e7\u00e3o re\u00fane celebra\u00e7\u00f5es religiosas, quermesse, comidas t\u00edpicas e shows.<br \/>\nA festa \u00e9 organizada pela Par\u00f3quia Nossa Senhora da Escada, com apoio da Prefeitura. Entre os destaques est\u00e3o o caf\u00e9 da Dona Luiza (in memoriam) e a prociss\u00e3o pelas ruas do bairro, que acontecem no domingo (15).<br \/>\n\u2705 Clique para seguir o canal do g1 Mogi das Cruzes e Suzano no WhatsApp<br \/>\nPrograma\u00e7\u00e3o religiosa<br \/>\nAs novenas s\u00e3o realizadas todos os dias \u00e0s 19h30. Veja os padres convidados:<br \/>\nQuarta-feira (11): Padre Odair Donizete Bueno<br \/>\nQuinta-feira (12): Padre Geraldo Magela L\u00e1zaro<br \/>\nSexta-feira (13): Padre Vinicius Jacinto Nogueira<br \/>\nS\u00e1bado (14): Padre Jo\u00e3o Batista Ramos Motta<br \/>\nAtra\u00e7\u00f5es culturais e quermesse<br \/>\nAl\u00e9m das missas, o p\u00fablico tamb\u00e9m pode participar da quermesse e de a\u00e7\u00f5es beneficentes no p\u00e1tio da par\u00f3quia.<br \/>\nS\u00e1bado (14)<br \/>\n20h: A\u00e7\u00e3o entre Amigos<br \/>\n21h: Show com Fran Cardoso<br \/>\nDomingo (15)<br \/>\n12h: Almo\u00e7o<br \/>\n12h30: A\u00e7\u00e3o entre Amigos<br \/>\nDia de S\u00e3o Longuinho (15 de mar\u00e7o)<br \/>\nO encerramento da festa ser\u00e1 no domingo (15), com programa\u00e7\u00e3o ao longo do dia:<br \/>\n07h: Tradicional Caf\u00e9 da Dona Luiza (in memoriam)<br \/>\n09h: Prociss\u00e3o pelas ruas do bairro Freguesia da Escada<br \/>\n10h: Missa presidida por Dom Pedro Luiz Stringhini<br \/>\n12h: Almo\u00e7o comunit\u00e1rio<br \/>\n13h: Show com Juninho e Arthur<br \/>\n18h: Missa de encerramento com Padre Jo\u00e3o Batista Ramos Motta<br \/>\nServi\u00e7o<br \/>\n\ud83d\udccd Onde: Par\u00f3quia Nossa Senhora da Escada (bairro Freguesia da Escada, em Guararema)<br \/>\n\ud83d\udcc6 Quando: at\u00e9 15 de mar\u00e7o<br \/>\nFesta de S\u00e3o Longuinho acontece em Guararema com programa\u00e7\u00e3o religiosa<br \/>\nDivulga\u00e7\u00e3o\/Prefeitura de Guararema<br \/>\nAssista a mais not\u00edcias do Alto Tiet\u00ea<\/div>\n","protected":false},"excerpt":{"rendered":"<p>Guararema realiza 24\u00aa Festa de S\u00e3o Longuinho A 24\u00aa edi\u00e7\u00e3o da Festa de S\u00e3o Longuinho em Guararema segue at\u00e9 15 de mar\u00e7o. Uma das celebra\u00e7\u00f5es mais tradicionais da cidade, o &#8230;<\/p>\n","protected":false},"author":3,"featured_media":1974,"comment_status":"closed","ping_status":"closed","sticky":false,"template":"","format":"standard","meta":{"footnotes":""},"categories":[18],"tags":[],"class_list":["post-1973","post","type-post","status-publish","format-standard","has-post-thumbnail","hentry","category-g1"],"_links":{"self":[{"href":"https:\/\/tvdiario.com.br\/comercial\/wp-json\/wp\/v2\/posts\/1973","targetHints":{"allow":["GET"]}}],"collection":[{"href":"https:\/\/tvdiario.com.br\/comercial\/wp-json\/wp\/v2\/posts"}],"about":[{"href":"https:\/\/tvdiario.com.br\/comercial\/wp-json\/wp\/v2\/types\/post"}],"author":[{"embeddable":true,"href":"https:\/\/tvdiario.com.br\/comercial\/wp-json\/wp\/v2\/users\/3"}],"replies":[{"embeddable":true,"href":"https:\/\/tvdiario.com.br\/comercial\/wp-json\/wp\/v2\/comments?post=1973"}],"version-history":[{"count":0,"href":"https:\/\/tvdiario.com.br\/comercial\/wp-json\/wp\/v2\/posts\/1973\/revisions"}],"wp:featuredmedia":[{"embeddable":true,"href":"https:\/\/tvdiario.com.br\/comercial\/wp-json\/wp\/v2\/media\/1974"}],"wp:attachment":[{"href":"https:\/\/tvdiario.com.br\/comercial\/wp-json\/wp\/v2\/media?parent=1973"}],"wp:term":[{"taxonomy":"category","embeddable":true,"href":"https:\/\/tvdiario.com.br\/comercial\/wp-json\/wp\/v2\/categories?post=1973"},{"taxonomy":"post_tag","embeddable":true,"href":"https:\/\/tvdiario.com.br\/comercial\/wp-json\/wp\/v2\/tags?post=1973"}],"curies":[{"name":"wp","href":"https:\/\/api.w.org\/{rel}","templated":true}]}}