{"id":1977,"date":"2026-03-11T21:02:16","date_gmt":"2026-03-12T00:02:16","guid":{"rendered":"https:\/\/tvdiario.com.br\/comercial\/escola-de-qualificacao-profissional-de-mogi-das-cruzes-tem-inscricoes-para-cursos\/"},"modified":"2026-03-11T21:02:16","modified_gmt":"2026-03-12T00:02:16","slug":"escola-de-qualificacao-profissional-de-mogi-das-cruzes-tem-inscricoes-para-cursos","status":"publish","type":"post","link":"https:\/\/tvdiario.com.br\/comercial\/escola-de-qualificacao-profissional-de-mogi-das-cruzes-tem-inscricoes-para-cursos\/","title":{"rendered":"Escola de Qualifica\u00e7\u00e3o Profissional de Mogi das Cruzes tem inscri\u00e7\u00f5es para cursos"},"content":{"rendered":"<div><img decoding=\"async\" src=\"https:\/\/tvdiario.com.br\/comercial\/wp-content\/uploads\/2026\/03\/larissa2.jpeg\"><br \/>     Sala de costura da Pra\u00e7a da Cidadania em Mogi das Cruzes<br \/>\nLarissa Rodrigues\/g1<br \/>\nA Escola de Qualifica\u00e7\u00e3o Profissional de Mogi das Cruzes abriu inscri\u00e7\u00f5es para 20 cursos gratuitos de qualifica\u00e7\u00e3o profissional. As aulas acontecem em mar\u00e7o (confira abaixo cada curso).<br \/>\nAs aulas ser\u00e3o realizadas de manh\u00e3, \u00e0 tarde e \u00e0 noite, na Pra\u00e7a da Cidadania, em Jundiapeba.<br \/>\n\u2705 Clique para seguir o canal do g1 Mogi das Cruzes e Suzano no WhatsApp<br \/>\nOs cursos fazem parte de uma iniciativa do Fundo Social de Mogi das Cruzes e do Fundo Social do Estado de S\u00e3o Paulo, que oferece forma\u00e7\u00e3o gratuita para moradores do distrito e de bairros pr\u00f3ximos. No in\u00edcio do per\u00edodo de inscri\u00e7\u00e3o, a a\u00e7\u00e3o oferecia 230 vagas.<br \/>\nSegundo a Prefeitura de Mogi das Cruzes, as capacita\u00e7\u00f5es buscam desenvolver habilidades pr\u00e1ticas, incentivar o empreendedorismo e ampliar as oportunidades de trabalho e gera\u00e7\u00e3o de renda.<br \/>\nAs inscri\u00e7\u00f5es podem ser feitas presencialmente na Pra\u00e7a da Cidadania, na Avenida Louren\u00e7o de Souza Franco, 1030, em Jundiapeba, de segunda a sexta-feira, das 8h \u00e0s 17h.Tamb\u00e9m \u00e9 poss\u00edvel se inscrever pelo site do Fundo Social do Estado de S\u00e3o Paulo.<br \/>\nClique aqui para se inscrever<br \/>\nConfira cada um dos cursos da Pra\u00e7a da Cidadania<br \/>\nManh\u00e3 (8h \u00e0s 12h)<br \/>\nPadeiro Preparo de P\u00e3es<br \/>\nquando: 09\/03 a 20\/03<br \/>\nvagas: 5<br \/>\nCorte e Costura<br \/>\nquando: 09\/03 a 20\/03<br \/>\nvagas: 5<br \/>\nInform\u00e1tica B\u00e1sica<br \/>\nquando: 09\/03 a 20\/03<br \/>\nvagas: 5<br \/>\nDesign de Sobrancelha<br \/>\nquando: 09\/03 a 20\/03<br \/>\nvagas: 5<br \/>\nConfeitaria B\u00e1sica<br \/>\nquando: 23\/03 a 01\/04<br \/>\nvagas: 15 vagas<br \/>\nConserto e Ajuste de Roupas<br \/>\nquando: 23\/03 a 01\/04<br \/>\nvagas: 15<br \/>\nAuxiliar Administrativo<br \/>\nquando: 23\/03 a 01\/04<br \/>\nvagas: 15<br \/>\nPintura e Texturiza\u00e7\u00e3o Residencial<br \/>\nquando: 23\/03 a 01\/04<br \/>\nvagas: 15<br \/>\nPenteadista: introdu\u00e7\u00e3o aos penteados<br \/>\nquando: 23\/03 a 01\/04<br \/>\nvagas: 15<br \/>\nTarde (13h \u00e0s 17h)<br \/>\nManuten\u00e7\u00e3o B\u00e1sica de Celulares<br \/>\nquando: 09\/03 a 20\/03<br \/>\nvagas: 5<br \/>\nCustomiza\u00e7\u00e3o de Roupas e Acess\u00f3rios<br \/>\nquando: 09\/03 a 20\/03<br \/>\nvagas: 5 vagas<br \/>\nCuidador de Idosos: No\u00e7\u00f5es B\u00e1sicas<br \/>\nquando: 09\/03 a 20\/03<br \/>\nvagas: 5<br \/>\nCorte e Costura<br \/>\nquando: 23\/03 a 01\/04<br \/>\nvagas: 15<br \/>\nCuidador Infantil: no\u00e7\u00f5es b\u00e1sicas<br \/>\nquando: 23\/03 a 01\/04<br \/>\nvagas: 5<br \/>\nMarketing Digital<br \/>\nquando: 23\/03 a 01\/04<br \/>\nvagas: 15<br \/>\nNoite (18h \u00e0s 22h)<br \/>\nE-commerce e Vendas pela Internet<br \/>\nquando: 09\/03 a 20\/03<br \/>\nvagas: 5<br \/>\nAuxiliar Administrativo<br \/>\nquando: 09\/03 a 20\/03<br \/>\nvagas: 5<br \/>\nDoces de Festa: doces tradicionais e gourmet<br \/>\nquando: 09\/03 a 20\/03<br \/>\nvagas: 5<br \/>\nManicure e Pedicure<br \/>\nquando: 09\/03 a 20\/03<br \/>\nvagas: 5<br \/>\nPizzaiolo: preparo de pizzas<br \/>\nquando: 23\/03 a 01\/04<br \/>\nvagas: 15<br \/>\nInform\u00e1tica B\u00e1sica<br \/>\nquando: 23\/03 a 01\/04<br \/>\nvagas: 15<br \/>\nBarbeiro: Conceitos Iniciais<br \/>\nquando: 23\/03 a 01\/04<br \/>\nvagas: 15<br \/>\nAuxiliar Administrativo<br \/>\nquando: 23\/03 a 01\/04<br \/>\nvagas: 15<br \/>\nLeia mais<br \/>\nLetalidade policial cai 11% no Alto Tiet\u00ea em 2025; Itaquaquecetuba concentra mais mortes<br \/>\nDia da Mulher: produtora rural comanda sozinha propriedade de 7,5 mil m\u00b2 em Mogi das Cruzes<br \/>\nSesc Mogi das Cruzes abre vagas para cursos gratuitos em mar\u00e7o<br \/>\nVeja tudo sobre o Alto Tiet\u00ea<\/div>\n","protected":false},"excerpt":{"rendered":"<p>Sala de costura da Pra\u00e7a da Cidadania em Mogi das Cruzes Larissa Rodrigues\/g1 A Escola de Qualifica\u00e7\u00e3o Profissional de Mogi das Cruzes abriu inscri\u00e7\u00f5es para 20 cursos gratuitos de qualifica\u00e7\u00e3o &#8230;<\/p>\n","protected":false},"author":3,"featured_media":1978,"comment_status":"closed","ping_status":"closed","sticky":false,"template":"","format":"standard","meta":{"footnotes":""},"categories":[18],"tags":[],"class_list":["post-1977","post","type-post","status-publish","format-standard","has-post-thumbnail","hentry","category-g1"],"_links":{"self":[{"href":"https:\/\/tvdiario.com.br\/comercial\/wp-json\/wp\/v2\/posts\/1977","targetHints":{"allow":["GET"]}}],"collection":[{"href":"https:\/\/tvdiario.com.br\/comercial\/wp-json\/wp\/v2\/posts"}],"about":[{"href":"https:\/\/tvdiario.com.br\/comercial\/wp-json\/wp\/v2\/types\/post"}],"author":[{"embeddable":true,"href":"https:\/\/tvdiario.com.br\/comercial\/wp-json\/wp\/v2\/users\/3"}],"replies":[{"embeddable":true,"href":"https:\/\/tvdiario.com.br\/comercial\/wp-json\/wp\/v2\/comments?post=1977"}],"version-history":[{"count":0,"href":"https:\/\/tvdiario.com.br\/comercial\/wp-json\/wp\/v2\/posts\/1977\/revisions"}],"wp:featuredmedia":[{"embeddable":true,"href":"https:\/\/tvdiario.com.br\/comercial\/wp-json\/wp\/v2\/media\/1978"}],"wp:attachment":[{"href":"https:\/\/tvdiario.com.br\/comercial\/wp-json\/wp\/v2\/media?parent=1977"}],"wp:term":[{"taxonomy":"category","embeddable":true,"href":"https:\/\/tvdiario.com.br\/comercial\/wp-json\/wp\/v2\/categories?post=1977"},{"taxonomy":"post_tag","embeddable":true,"href":"https:\/\/tvdiario.com.br\/comercial\/wp-json\/wp\/v2\/tags?post=1977"}],"curies":[{"name":"wp","href":"https:\/\/api.w.org\/{rel}","templated":true}]}}