{"id":1985,"date":"2026-03-12T19:50:18","date_gmt":"2026-03-12T22:50:18","guid":{"rendered":"https:\/\/tvdiario.com.br\/comercial\/apos-denuncia-de-irregularidades-mpt-faz-inspecao-na-sede-da-gcm-de-poa\/"},"modified":"2026-03-12T19:50:18","modified_gmt":"2026-03-12T22:50:18","slug":"apos-denuncia-de-irregularidades-mpt-faz-inspecao-na-sede-da-gcm-de-poa","status":"publish","type":"post","link":"https:\/\/tvdiario.com.br\/comercial\/apos-denuncia-de-irregularidades-mpt-faz-inspecao-na-sede-da-gcm-de-poa\/","title":{"rendered":"Ap\u00f3s den\u00fancia de irregularidades, MPT faz inspe\u00e7\u00e3o na sede da GCM de Po\u00e1"},"content":{"rendered":"<div><img decoding=\"async\" src=\"https:\/\/tvdiario.com.br\/comercial\/wp-content\/uploads\/2026\/03\/roubo-g1.jpg\"><br \/>     Opera\u00e7\u00e3o do Minist\u00e9rio P\u00fablico em Po\u00e1<br \/>\nO Minist\u00e9rio P\u00fablico do Trabalho (MPT) fez uma inspe\u00e7\u00e3o na sede da Guarda Civil Municipal (GCM) de Po\u00e1 nesta quinta-feira (12), ap\u00f3s receber uma den\u00fancia sobre poss\u00edveis irregularidades nas condi\u00e7\u00f5es de trabalho.<br \/>\nSegundo o MPT, a vistoria foi realizada por uma analista perita em Engenharia de Seguran\u00e7a do Trabalho. O objetivo foi verificar poss\u00edveis irregularidades relacionadas \u00e0s Normas Regulamentadoras de Seguran\u00e7a no Ambiente de Trabalho.<br \/>\n\u2705 Clique para seguir o canal do g1 Mogi das Cruzes e Suzano no WhatsApp<br \/>\nO MPT informou ainda que o relat\u00f3rio da inspe\u00e7\u00e3o ser\u00e1 inclu\u00eddo no processo de investiga\u00e7\u00e3o. Em nota, a Prefeitura de Po\u00e1 informou que os equipamentos utilizados pela corpora\u00e7\u00e3o est\u00e3o em conformidade com as normas (veja \u00edntegra abaixo).<br \/>\nO que diz a Prefeitura de Po\u00e1<br \/>\n\u201cA dilig\u00eancia realizada pelo Minist\u00e9rio P\u00fablico do Trabalho na manh\u00e3 desta quinta-feira (12) teve como objetivo verificar os equipamentos utilizados pela Guarda Civil Municipal, como coletes bal\u00edsticos, r\u00e1dios comunicadores, viaturas e uniformes.<br \/>\nA a\u00e7\u00e3o foi acompanhada pelas Secretarias de Seguran\u00e7a e de Assuntos Jur\u00eddicos de Po\u00e1. Em an\u00e1lise preliminar, foi constatado que os equipamentos est\u00e3o em conformidade com as normas.<br \/>\nA atual gest\u00e3o reafirma o compromisso com a seguran\u00e7a p\u00fablica e tem realizado investimentos para fortalecer a corpora\u00e7\u00e3o, incluindo a aquisi\u00e7\u00e3o de novos coletes bal\u00edsticos, r\u00e1dios comunicadores e a amplia\u00e7\u00e3o da frota com viaturas SW4.&#8221;<br \/>\nLeia mais<br \/>\n\u2018D\u00e1 at\u00e9 \u00e2nsia de v\u00f4mito\u2019: mau cheiro de bueiro em bairro de Mogi das Cruzes dura mais de 10 anos<br \/>\nRol\u00ea no Alto Tiet\u00ea: fim de semana tem show de M\u00f4nica Salmaso e stand-up com Victor Brito<br \/>\nMPT realiza inspe\u00e7\u00e3o na sede da GCM de Po\u00e1<br \/>\nDivulga\u00e7\u00e3o\/Guarda Municipal<br \/>\nVeja tudo sobre o Alto Tiet\u00ea<\/div>\n","protected":false},"excerpt":{"rendered":"<p>Opera\u00e7\u00e3o do Minist\u00e9rio P\u00fablico em Po\u00e1 O Minist\u00e9rio P\u00fablico do Trabalho (MPT) fez uma inspe\u00e7\u00e3o na sede da Guarda Civil Municipal (GCM) de Po\u00e1 nesta quinta-feira (12), ap\u00f3s receber uma &#8230;<\/p>\n","protected":false},"author":3,"featured_media":1986,"comment_status":"closed","ping_status":"closed","sticky":false,"template":"","format":"standard","meta":{"footnotes":""},"categories":[18],"tags":[],"class_list":["post-1985","post","type-post","status-publish","format-standard","has-post-thumbnail","hentry","category-g1"],"_links":{"self":[{"href":"https:\/\/tvdiario.com.br\/comercial\/wp-json\/wp\/v2\/posts\/1985","targetHints":{"allow":["GET"]}}],"collection":[{"href":"https:\/\/tvdiario.com.br\/comercial\/wp-json\/wp\/v2\/posts"}],"about":[{"href":"https:\/\/tvdiario.com.br\/comercial\/wp-json\/wp\/v2\/types\/post"}],"author":[{"embeddable":true,"href":"https:\/\/tvdiario.com.br\/comercial\/wp-json\/wp\/v2\/users\/3"}],"replies":[{"embeddable":true,"href":"https:\/\/tvdiario.com.br\/comercial\/wp-json\/wp\/v2\/comments?post=1985"}],"version-history":[{"count":0,"href":"https:\/\/tvdiario.com.br\/comercial\/wp-json\/wp\/v2\/posts\/1985\/revisions"}],"wp:featuredmedia":[{"embeddable":true,"href":"https:\/\/tvdiario.com.br\/comercial\/wp-json\/wp\/v2\/media\/1986"}],"wp:attachment":[{"href":"https:\/\/tvdiario.com.br\/comercial\/wp-json\/wp\/v2\/media?parent=1985"}],"wp:term":[{"taxonomy":"category","embeddable":true,"href":"https:\/\/tvdiario.com.br\/comercial\/wp-json\/wp\/v2\/categories?post=1985"},{"taxonomy":"post_tag","embeddable":true,"href":"https:\/\/tvdiario.com.br\/comercial\/wp-json\/wp\/v2\/tags?post=1985"}],"curies":[{"name":"wp","href":"https:\/\/api.w.org\/{rel}","templated":true}]}}