{"id":1987,"date":"2026-03-13T09:01:29","date_gmt":"2026-03-13T12:01:29","guid":{"rendered":"https:\/\/tvdiario.com.br\/comercial\/funcionaria-de-buffet-queimada-em-festa-pode-ter-direito-a-indenizacao-familia-diz-que-falta-apoio\/"},"modified":"2026-03-13T09:01:29","modified_gmt":"2026-03-13T12:01:29","slug":"funcionaria-de-buffet-queimada-em-festa-pode-ter-direito-a-indenizacao-familia-diz-que-falta-apoio","status":"publish","type":"post","link":"https:\/\/tvdiario.com.br\/comercial\/funcionaria-de-buffet-queimada-em-festa-pode-ter-direito-a-indenizacao-familia-diz-que-falta-apoio\/","title":{"rendered":"Funcion\u00e1ria de buffet queimada em festa pode ter direito a indeniza\u00e7\u00e3o; fam\u00edlia diz que falta apoio"},"content":{"rendered":"<div><img decoding=\"async\" src=\"https:\/\/tvdiario.com.br\/comercial\/wp-content\/uploads\/2026\/03\/design-sem-nome.jpg\"><br \/>     Mulher queimada em festa de carnaval \u00e9 transferida de hospital<br \/>\nUm m\u00eas ap\u00f3s ter o corpo queimado enquanto trabalhava em uma festa de carnaval, a funcion\u00e1ria de buffet Jennifer Rodrigues Monteiro, de 30 anos, continua internada. O acidente aconteceu no dia 13 de fevereiro, no Clube de Campo de Mogi das Cruzes.<br \/>\nA fam\u00edlia afirma que tem recebido pouco apoio ap\u00f3s o acidente e cobra mais assist\u00eancia das empresas envolvidas no evento. Segundo o advogado trabalhista Gustavo Triboni, a v\u00edtima pode ter direito a indeniza\u00e7\u00e3o. O Clube de Campo disse que &#8220;a presid\u00eancia do CCMC continua acompanhando o caso dentro do que o papel institucional lhe compete&#8221;. (Leia mais abaixo)<br \/>\n\u2705 Clique para seguir o canal do g1 Mogi das Cruzes e Suzano no WhatsApp<br \/>\nO g1 tamb\u00e9m questionou o buffet para qual Jennifer trabalhava como freelancer no dia do acidente, mas n\u00e3o recebeu uma resposta at\u00e9 a \u00faltima atualiza\u00e7\u00e3o desta reportagem.<br \/>\nSegundo a tia dela, Adriana Rodrigues, Jennifer est\u00e1 est\u00e1vel, mas ainda depende de ventila\u00e7\u00e3o mec\u00e2nica para respirar.<br \/>\nJennifer teve o corpo queimado enquanto trabalhava em uma festa em Mogi das Cruzes<br \/>\nReprodu\u00e7\u00e3o\/Redes sociais<br \/>\nAinda de acordo com a familiar, a v\u00edtima precisou passar por uma traqueostomia e por cirurgias de enxerto de pele. Ela tamb\u00e9m teve uma infec\u00e7\u00e3o na pele, que j\u00e1 foi controlada.<br \/>\nApesar da evolu\u00e7\u00e3o no tratamento, Adriana afirma que o estado de sa\u00fade ainda inspira cuidados.<br \/>\n&#8220;Ela segue est\u00e1vel, mas ainda tem dificuldade para respirar sem a ventila\u00e7\u00e3o mec\u00e2nica. O quadro continua sendo de risco&#8221;, afirmou.<br \/>\nLEIA TAMB\u00c9M:<br \/>\nFuncion\u00e1ria tem 31% do corpo queimado ap\u00f3s fogo durante festa de carnaval em clube de Mogi das Cruzes<br \/>\n&#8216;Implorando por rem\u00e9dio mais forte&#8217;, diz tia de mulher queimada em festa de carnaval em Mogi das Cruzes; v\u00edtima ser\u00e1 transferida<br \/>\nMulher queimada em festa de carnaval em Mogi das Cruzes \u00e9 transferida para hospital especializado em queimados<br \/>\n\u201cFoi a primeira vez que ela trabalhou nesse buffet\u201d, diz tia de mulher queimada em festa de carnaval em Mogi das Cruzes<br \/>\nApoio ap\u00f3s o acidente<br \/>\nA tia contou que o buffet onde Jennifer trabalhava tem dado pouco apoio \u00e0 fam\u00edlia desde o acidente.<br \/>\nSegundo Adriana, a empresa tem enviado alimentos, produtos de limpeza e ajuda em dinheiro para que o irm\u00e3o da v\u00edtima, Felipe Estev\u00e3o, consiga ir at\u00e9 o hospital e, em alguns momentos, pagar hospedagem.<br \/>\nNo dia 17 de fevereiro, Jennifer foi transferida para a Santa Casa de S\u00e3o Jos\u00e9 dos Campos, unidade especializada no tratamento de queimados.<br \/>\nJ\u00e1 o Clube de Campo de Mogi das Cruzes, onde ocorreu o evento, n\u00e3o manteve contato com a fam\u00edlia ap\u00f3s o dia do acidente, segundo Adriana.<br \/>\n&#8220;Um diretor foi at\u00e9 o hospital no dia e disse que daria todo o suporte para as crian\u00e7as dela, mas depois disso ningu\u00e9m mais nos procurou&#8221;, afirmou Adriana.<br \/>\nRotina da fam\u00edlia mudou<br \/>\nJennifer \u00e9 m\u00e3e de cinco filhos. Ap\u00f3s o acidente, a rotina da fam\u00edlia mudou completamente.<br \/>\nOs dois filhos mais velhos, de 12 e 11 anos, passaram a morar com o pai. J\u00e1 os tr\u00eas mais novos, de 7, 6 e 4 anos, est\u00e3o sob os cuidados da tia.<br \/>\nAdriana conta que precisou reorganizar a rotina para cuidar das crian\u00e7as enquanto a sobrinha segue hospitalizada.<br \/>\n&#8220;Minha vida virou de cabe\u00e7a para baixo desde aquela madrugada. Hoje estou com tr\u00eas crian\u00e7as pequenas, que precisam de rotina, escola, alimenta\u00e7\u00e3o e cuidados&#8221;, disse.<br \/>\nO que diz a lei<br \/>\nSegundo o advogado trabalhista Gustavo Triboni, acidentes que acontecem durante o trabalho podem gerar responsabilidade das empresas envolvidas, mesmo quando o servi\u00e7o \u00e9 feito como freelancer.<br \/>\nEle explica que, em atividades comuns em eventos e cozinhas \u2014 que envolvem fogo, l\u00edquidos quentes ou subst\u00e2ncias inflam\u00e1veis \u2014 a Justi\u00e7a costuma aplicar o conceito de responsabilidade objetiva.<br \/>\nNesse tipo de situa\u00e7\u00e3o, n\u00e3o \u00e9 necess\u00e1rio comprovar culpa direta da empresa.<br \/>\n&#8220;Basta demonstrar que o acidente ocorreu durante o trabalho e que a atividade envolvia risco&#8221;, disse o advogado.<br \/>\nDe acordo com Triboni, nesses casos a empresa respons\u00e1vel pela contrata\u00e7\u00e3o pode ser obrigada a pagar despesas m\u00e9dicas, tratamento, indeniza\u00e7\u00f5es por danos morais e materiais e compensa\u00e7\u00e3o pela perda de renda durante o per\u00edodo de recupera\u00e7\u00e3o.<br \/>\nO especialista afirma ainda que o local onde o evento aconteceu tamb\u00e9m pode ser responsabilizado, dependendo das circunst\u00e2ncias do acidente.<br \/>\n&#8220;Se houver rela\u00e7\u00e3o entre o ocorrido e as condi\u00e7\u00f5es de seguran\u00e7a do espa\u00e7o ou a organiza\u00e7\u00e3o do evento, o estabelecimento que sediou a festa tamb\u00e9m pode responder pelo caso&#8221;, ressaltou.<br \/>\nSegundo o advogado, quando n\u00e3o h\u00e1 suporte adequado das empresas envolvidas, a fam\u00edlia pode buscar a Justi\u00e7a para garantir os direitos da v\u00edtima.<br \/>\n&#8220;O processo judicial \u00e9 a forma de obrigar a empresa a arcar com suas responsabilidades, garantindo o cumprimento dessas obriga\u00e7\u00f5es por meio de uma decis\u00e3o da Justi\u00e7a&#8221;, disse.<br \/>\nO que diz o CCMC<br \/>\nVeja a nota do Clube de Campo de Mogi das Cruzes:<br \/>\n&#8220;Importante destacar que, em raz\u00e3o do r\u00e1pido socorro prestado pela ambul\u00e2ncia que estava de prontid\u00e3o no CCMC, no evento, a colaboradora do buffet contratado para a festa atingida pela combust\u00e3o inesperada foi encaminhada a devido atendimento m\u00e9dico de urg\u00eancia e de emerg\u00eancia em unidade hospitalar.<br \/>\nA Presid\u00eancia do CCMC continua acompanhando o caso dentro do que o papel institucional lhe compete.<br \/>\nPor fim, importante ressaltar que, em 68 anos de exist\u00eancia, este foi o primeiro incidente com v\u00edtimas registado no clube &#8211; algo pontual.&#8221;<br \/>\nRelembre o caso<br \/>\nJennifer Rodrigues Monteiro ficou ferida depois que um r\u00e9chaud (aquecedor usado para manter alimentos aquecidos) pegou fogo durante o evento de carnaval &#8220;Abre Alas&#8221;, realizado no Clube de Campo de Mogi das Cruzes, na noite de 13 de fevereiro.<br \/>\nSegundo relato de uma pessoa que estava na festa, o inc\u00eandio come\u00e7ou quando a funcion\u00e1ria abastecia o equipamento com \u00e1lcool. O fogo se espalhou rapidamente e atingiu a trabalhadora.<br \/>\nEla foi socorrida e levada para atendimento m\u00e9dico. Inicialmente, a Santa Casa de Mogi informou que Jennifer teve 31,5% do corpo queimado. A fam\u00edlia, no entanto, contesta essa estimativa e afirma que a \u00e1rea atingida \u00e9 maior.<br \/>\nAssista a mais not\u00edcias do Alto Tiet\u00ea<\/div>\n","protected":false},"excerpt":{"rendered":"<p>Mulher queimada em festa de carnaval \u00e9 transferida de hospital Um m\u00eas ap\u00f3s ter o corpo queimado enquanto trabalhava em uma festa de carnaval, a funcion\u00e1ria de buffet Jennifer Rodrigues &#8230;<\/p>\n","protected":false},"author":3,"featured_media":1988,"comment_status":"closed","ping_status":"closed","sticky":false,"template":"","format":"standard","meta":{"footnotes":""},"categories":[18],"tags":[],"class_list":["post-1987","post","type-post","status-publish","format-standard","has-post-thumbnail","hentry","category-g1"],"_links":{"self":[{"href":"https:\/\/tvdiario.com.br\/comercial\/wp-json\/wp\/v2\/posts\/1987","targetHints":{"allow":["GET"]}}],"collection":[{"href":"https:\/\/tvdiario.com.br\/comercial\/wp-json\/wp\/v2\/posts"}],"about":[{"href":"https:\/\/tvdiario.com.br\/comercial\/wp-json\/wp\/v2\/types\/post"}],"author":[{"embeddable":true,"href":"https:\/\/tvdiario.com.br\/comercial\/wp-json\/wp\/v2\/users\/3"}],"replies":[{"embeddable":true,"href":"https:\/\/tvdiario.com.br\/comercial\/wp-json\/wp\/v2\/comments?post=1987"}],"version-history":[{"count":0,"href":"https:\/\/tvdiario.com.br\/comercial\/wp-json\/wp\/v2\/posts\/1987\/revisions"}],"wp:featuredmedia":[{"embeddable":true,"href":"https:\/\/tvdiario.com.br\/comercial\/wp-json\/wp\/v2\/media\/1988"}],"wp:attachment":[{"href":"https:\/\/tvdiario.com.br\/comercial\/wp-json\/wp\/v2\/media?parent=1987"}],"wp:term":[{"taxonomy":"category","embeddable":true,"href":"https:\/\/tvdiario.com.br\/comercial\/wp-json\/wp\/v2\/categories?post=1987"},{"taxonomy":"post_tag","embeddable":true,"href":"https:\/\/tvdiario.com.br\/comercial\/wp-json\/wp\/v2\/tags?post=1987"}],"curies":[{"name":"wp","href":"https:\/\/api.w.org\/{rel}","templated":true}]}}