{"id":1989,"date":"2026-03-13T12:01:42","date_gmt":"2026-03-13T15:01:42","guid":{"rendered":"https:\/\/tvdiario.com.br\/comercial\/sistema-alto-tiete-passa-de-50-e-atinge-melhor-nivel-em-mais-de-um-ano\/"},"modified":"2026-03-13T12:01:42","modified_gmt":"2026-03-13T15:01:42","slug":"sistema-alto-tiete-passa-de-50-e-atinge-melhor-nivel-em-mais-de-um-ano","status":"publish","type":"post","link":"https:\/\/tvdiario.com.br\/comercial\/sistema-alto-tiete-passa-de-50-e-atinge-melhor-nivel-em-mais-de-um-ano\/","title":{"rendered":"Sistema Alto Tiet\u00ea passa de 50% e atinge melhor n\u00edvel em mais de um ano"},"content":{"rendered":"<div><img decoding=\"async\" src=\"https:\/\/tvdiario.com.br\/comercial\/wp-content\/uploads\/2026\/03\/whatsapp-image-2023-02-23-at-094810-1-.jpeg\"><br \/>     Represa do Rio Jundia\u00ed \u00e9 a mais cheia do Spat<br \/>\nJos\u00e9 Ant\u00f4nio de Assis\/TV Di\u00e1rio<br \/>\nO Sistema Produtor Alto Tiet\u00ea (Spat) atingiu 51% de sua capacidade nesta sexta-feira (13), o melhor volume registrado em mais de um ano. Os dados s\u00e3o da Companhia de Saneamento B\u00e1sico do Estado de S\u00e3o Paulo (Sabesp).<br \/>\nA \u00faltima vez que o sistema alcan\u00e7ou essa marca foi em fevereiro de 2025, h\u00e1 pouco mais de um ano. <\/p>\n<p>O resultado reflete o per\u00edodo de chuvas e marca o 57\u00ba dia consecutivo de alta no volume armazenado, que n\u00e3o registra queda desde 14 de janeiro.<br \/>\nO n\u00edvel atual \u00e9 superior ao observado no mesmo per\u00edodo do ano passado, quando o sistema operava com 46,6%. Naquela \u00e9poca, as represas iniciaram um per\u00edodo de queda brusca que, meses depois, levou o sistema a operar em n\u00edveis considerados cr\u00edticos.<br \/>\nSitua\u00e7\u00e3o dos reservat\u00f3rios<br \/>\nO Sistema Produtor do Alto Tiet\u00ea \u00e9 composto por cinco reservat\u00f3rios localizados entre Suzano e Sales\u00f3polis, respons\u00e1veis pelo abastecimento de mais de 4,5 milh\u00f5es de pessoas na Grande S\u00e3o Paulo.<br \/>\nA represa Jundia\u00ed, em Mogi das Cruzes, \u00e9 aquela com maior volume \u00fatil, operando com 68,4% de capacidade. Em seguida aparecem o reservat\u00f3rio Biritiba, em Biritiba-Mirim, e o Paraitinga, em Sales\u00f3polis. Confira os volumes de cada reservat\u00f3rio:<\/p>\n<p>Assista a mais not\u00edcias sobre o Alto Tiet\u00ea<\/p><\/div>\n","protected":false},"excerpt":{"rendered":"<p>Represa do Rio Jundia\u00ed \u00e9 a mais cheia do Spat Jos\u00e9 Ant\u00f4nio de Assis\/TV Di\u00e1rio O Sistema Produtor Alto Tiet\u00ea (Spat) atingiu 51% de sua capacidade nesta sexta-feira (13), o &#8230;<\/p>\n","protected":false},"author":3,"featured_media":1990,"comment_status":"closed","ping_status":"closed","sticky":false,"template":"","format":"standard","meta":{"footnotes":""},"categories":[18],"tags":[],"class_list":["post-1989","post","type-post","status-publish","format-standard","has-post-thumbnail","hentry","category-g1"],"_links":{"self":[{"href":"https:\/\/tvdiario.com.br\/comercial\/wp-json\/wp\/v2\/posts\/1989","targetHints":{"allow":["GET"]}}],"collection":[{"href":"https:\/\/tvdiario.com.br\/comercial\/wp-json\/wp\/v2\/posts"}],"about":[{"href":"https:\/\/tvdiario.com.br\/comercial\/wp-json\/wp\/v2\/types\/post"}],"author":[{"embeddable":true,"href":"https:\/\/tvdiario.com.br\/comercial\/wp-json\/wp\/v2\/users\/3"}],"replies":[{"embeddable":true,"href":"https:\/\/tvdiario.com.br\/comercial\/wp-json\/wp\/v2\/comments?post=1989"}],"version-history":[{"count":0,"href":"https:\/\/tvdiario.com.br\/comercial\/wp-json\/wp\/v2\/posts\/1989\/revisions"}],"wp:featuredmedia":[{"embeddable":true,"href":"https:\/\/tvdiario.com.br\/comercial\/wp-json\/wp\/v2\/media\/1990"}],"wp:attachment":[{"href":"https:\/\/tvdiario.com.br\/comercial\/wp-json\/wp\/v2\/media?parent=1989"}],"wp:term":[{"taxonomy":"category","embeddable":true,"href":"https:\/\/tvdiario.com.br\/comercial\/wp-json\/wp\/v2\/categories?post=1989"},{"taxonomy":"post_tag","embeddable":true,"href":"https:\/\/tvdiario.com.br\/comercial\/wp-json\/wp\/v2\/tags?post=1989"}],"curies":[{"name":"wp","href":"https:\/\/api.w.org\/{rel}","templated":true}]}}