{"id":1993,"date":"2026-03-13T19:34:14","date_gmt":"2026-03-13T22:34:14","guid":{"rendered":"https:\/\/tvdiario.com.br\/comercial\/homem-e-encontrado-morto-em-represa-em-mogi-das-cruzes\/"},"modified":"2026-03-13T19:34:14","modified_gmt":"2026-03-13T22:34:14","slug":"homem-e-encontrado-morto-em-represa-em-mogi-das-cruzes","status":"publish","type":"post","link":"https:\/\/tvdiario.com.br\/comercial\/homem-e-encontrado-morto-em-represa-em-mogi-das-cruzes\/","title":{"rendered":"Homem \u00e9 encontrado morto em represa em Mogi das Cruzes"},"content":{"rendered":"<div><img decoding=\"async\" src=\"https:\/\/tvdiario.com.br\/comercial\/wp-content\/uploads\/2026\/03\/homicidios-1-1-.jpg\"><br \/>     Caso foi registrado no 2\u00ba DP de  Mogi das Cruzes<br \/>\nReprodu\u00e7\u00e3o\/Tv Di\u00e1rio<br \/>\nUm homem de 46 anos foi encontrado morto em uma represa na Estrada da Estiva, em Mogi das Cruzes, nesta quinta-feira (12). As circunst\u00e2ncias da morte ser\u00e3o investigadas pela Pol\u00edcia Civil.<br \/>\nSegundo com a Secretaria de Seguran\u00e7a P\u00fablica (SSP), a Pol\u00edcia Militar foi acionada para atender \u00e0 ocorr\u00eancia. No local, o Corpo de Bombeiros realizou o resgate, mas ele j\u00e1 estava morto.<br \/>\n\u2705 Clique para seguir o canal do g1 Mogi das Cruzes e Suzano no WhatsApp<br \/>\nExames foram solicitados ao Instituto de Criminal\u00edstica (IC) e ao Instituto M\u00e9dico Legal (IML) para ajudar a esclarecer a causa da morte.<br \/>\nO caso foi registrado no 2\u00ba Distrito Policial (DP) de Mogi das Cruzes.<br \/>\nLeia mais<br \/>\nCiee oferece mais de 140 vagas de est\u00e1gio e jovem aprendiz no Alto Tiet\u00ea nesta sexta-feira<br \/>\nSistema Alto Tiet\u00ea passa de 50% e atinge melhor n\u00edvel em mais de um ano<br \/>\nJovem de 19 anos morre afogado em represa em Taia\u00e7upeba, em Mogi das Cruzes<br \/>\nVeja tudo sobre o Alto Tiet\u00ea<\/div>\n","protected":false},"excerpt":{"rendered":"<p>Caso foi registrado no 2\u00ba DP de Mogi das Cruzes Reprodu\u00e7\u00e3o\/Tv Di\u00e1rio Um homem de 46 anos foi encontrado morto em uma represa na Estrada da Estiva, em Mogi das &#8230;<\/p>\n","protected":false},"author":3,"featured_media":1994,"comment_status":"closed","ping_status":"closed","sticky":false,"template":"","format":"standard","meta":{"footnotes":""},"categories":[18],"tags":[],"class_list":["post-1993","post","type-post","status-publish","format-standard","has-post-thumbnail","hentry","category-g1"],"_links":{"self":[{"href":"https:\/\/tvdiario.com.br\/comercial\/wp-json\/wp\/v2\/posts\/1993","targetHints":{"allow":["GET"]}}],"collection":[{"href":"https:\/\/tvdiario.com.br\/comercial\/wp-json\/wp\/v2\/posts"}],"about":[{"href":"https:\/\/tvdiario.com.br\/comercial\/wp-json\/wp\/v2\/types\/post"}],"author":[{"embeddable":true,"href":"https:\/\/tvdiario.com.br\/comercial\/wp-json\/wp\/v2\/users\/3"}],"replies":[{"embeddable":true,"href":"https:\/\/tvdiario.com.br\/comercial\/wp-json\/wp\/v2\/comments?post=1993"}],"version-history":[{"count":0,"href":"https:\/\/tvdiario.com.br\/comercial\/wp-json\/wp\/v2\/posts\/1993\/revisions"}],"wp:featuredmedia":[{"embeddable":true,"href":"https:\/\/tvdiario.com.br\/comercial\/wp-json\/wp\/v2\/media\/1994"}],"wp:attachment":[{"href":"https:\/\/tvdiario.com.br\/comercial\/wp-json\/wp\/v2\/media?parent=1993"}],"wp:term":[{"taxonomy":"category","embeddable":true,"href":"https:\/\/tvdiario.com.br\/comercial\/wp-json\/wp\/v2\/categories?post=1993"},{"taxonomy":"post_tag","embeddable":true,"href":"https:\/\/tvdiario.com.br\/comercial\/wp-json\/wp\/v2\/tags?post=1993"}],"curies":[{"name":"wp","href":"https:\/\/api.w.org\/{rel}","templated":true}]}}