{"id":1997,"date":"2026-03-14T09:42:01","date_gmt":"2026-03-14T12:42:01","guid":{"rendered":"https:\/\/tvdiario.com.br\/comercial\/venda-de-carros-eletrificados-cresce-mais-de-550-em-4-anos-no-alto-tiete-mogi-das-cruzes-e-16a-no-estado\/"},"modified":"2026-03-14T09:42:01","modified_gmt":"2026-03-14T12:42:01","slug":"venda-de-carros-eletrificados-cresce-mais-de-550-em-4-anos-no-alto-tiete-mogi-das-cruzes-e-16a-no-estado","status":"publish","type":"post","link":"https:\/\/tvdiario.com.br\/comercial\/venda-de-carros-eletrificados-cresce-mais-de-550-em-4-anos-no-alto-tiete-mogi-das-cruzes-e-16a-no-estado\/","title":{"rendered":"Venda de carros eletrificados cresce mais de 550% em 4 anos no Alto Tiet\u00ea; Mogi das Cruzes \u00e9 16\u00aa no estado"},"content":{"rendered":"<div><img decoding=\"async\" src=\"https:\/\/tvdiario.com.br\/comercial\/wp-content\/uploads\/2026\/03\/carros-eletricos1.jpg\"><br \/>     Venda de carros eletrificados cresceu mais de 550% no Alto Tiet\u00ea<br \/>\nTV TEM\/ Reprodu\u00e7\u00e3o<br \/>\n\ud83d\ude97\ud83d\udd0c O Alto Tiet\u00ea registrou quase 150 carros eletrificados vendidos por m\u00eas no ano de 2025, segundo dados da Associa\u00e7\u00e3o Brasileira do Ve\u00edculo El\u00e9trico (ABVE). As vendas anuais tiveram um aumento de 555,1% em quatro anos, indo de 274 em 2022 para 1.795 em 2025.<br \/>\nO acumulado nas vendas na regi\u00e3o durante esses quatro anos foi de 3.801 unidades. O levantamento abrange modelos h\u00edbridos e el\u00e9tricos comercializados nos dez munic\u00edpios.<br \/>\n\u2705 Clique para seguir o canal do g1 Mogi das Cruzes e Suzano no WhatsApp<br \/>\nNo Alto Tiet\u00ea, o destaque \u00e9 Mogi das Cruzes, que n\u00e3o apenas lidera o ranking regional, mas tamb\u00e9m se consolidou como a 16\u00aa cidade com o maior n\u00famero de ve\u00edculos eletrificados em todo o estado de S\u00e3o Paulo. Somente em 2025, o munic\u00edpio registrou a venda de 916 unidades, um aumento expressivo, de 632,8%, comparado aos 125 ve\u00edculos vendidos em 2022.<br \/>\nVeja tamb\u00e9m<br \/>\nVeja os v\u00eddeos que est\u00e3o em alta no g1<br \/>\nCrescimento Regional<br \/>\nEm 2022, as dez cidades somadas venderam 274 ve\u00edculos. Em 2023, o n\u00famero passou para 572; em 2024, foi para 1.160; e, em 2025, o total anual chegou a 1.795 unidades. Veja abaixo os dados de todas as cidades:<\/p>\n<p>Dados por munic\u00edpio<br \/>\nNo ranking espec\u00edfico de 2025, Suzano ocupa a segunda posi\u00e7\u00e3o na regi\u00e3o com 282 unidades, seguida por Aruj\u00e1, com 235. Veja abaixo os dados de todas as cidades:<\/p>\n<p>Assista a mais not\u00edcias do Alto Tiet\u00ea<\/p><\/div>\n","protected":false},"excerpt":{"rendered":"<p>Venda de carros eletrificados cresceu mais de 550% no Alto Tiet\u00ea TV TEM\/ Reprodu\u00e7\u00e3o \ud83d\ude97\ud83d\udd0c O Alto Tiet\u00ea registrou quase 150 carros eletrificados vendidos por m\u00eas no ano de 2025, &#8230;<\/p>\n","protected":false},"author":3,"featured_media":1998,"comment_status":"closed","ping_status":"closed","sticky":false,"template":"","format":"standard","meta":{"footnotes":""},"categories":[18],"tags":[],"class_list":["post-1997","post","type-post","status-publish","format-standard","has-post-thumbnail","hentry","category-g1"],"_links":{"self":[{"href":"https:\/\/tvdiario.com.br\/comercial\/wp-json\/wp\/v2\/posts\/1997","targetHints":{"allow":["GET"]}}],"collection":[{"href":"https:\/\/tvdiario.com.br\/comercial\/wp-json\/wp\/v2\/posts"}],"about":[{"href":"https:\/\/tvdiario.com.br\/comercial\/wp-json\/wp\/v2\/types\/post"}],"author":[{"embeddable":true,"href":"https:\/\/tvdiario.com.br\/comercial\/wp-json\/wp\/v2\/users\/3"}],"replies":[{"embeddable":true,"href":"https:\/\/tvdiario.com.br\/comercial\/wp-json\/wp\/v2\/comments?post=1997"}],"version-history":[{"count":0,"href":"https:\/\/tvdiario.com.br\/comercial\/wp-json\/wp\/v2\/posts\/1997\/revisions"}],"wp:featuredmedia":[{"embeddable":true,"href":"https:\/\/tvdiario.com.br\/comercial\/wp-json\/wp\/v2\/media\/1998"}],"wp:attachment":[{"href":"https:\/\/tvdiario.com.br\/comercial\/wp-json\/wp\/v2\/media?parent=1997"}],"wp:term":[{"taxonomy":"category","embeddable":true,"href":"https:\/\/tvdiario.com.br\/comercial\/wp-json\/wp\/v2\/categories?post=1997"},{"taxonomy":"post_tag","embeddable":true,"href":"https:\/\/tvdiario.com.br\/comercial\/wp-json\/wp\/v2\/tags?post=1997"}],"curies":[{"name":"wp","href":"https:\/\/api.w.org\/{rel}","templated":true}]}}