{"id":1999,"date":"2026-03-14T18:18:02","date_gmt":"2026-03-14T21:18:02","guid":{"rendered":"https:\/\/tvdiario.com.br\/comercial\/homem-e-morto-a-tiros-apos-discussao-em-itaquaquecetuba-suspeito-esta-foragido\/"},"modified":"2026-03-14T18:18:02","modified_gmt":"2026-03-14T21:18:02","slug":"homem-e-morto-a-tiros-apos-discussao-em-itaquaquecetuba-suspeito-esta-foragido","status":"publish","type":"post","link":"https:\/\/tvdiario.com.br\/comercial\/homem-e-morto-a-tiros-apos-discussao-em-itaquaquecetuba-suspeito-esta-foragido\/","title":{"rendered":"Homem \u00e9 morto a tiros, ap\u00f3s discuss\u00e3o em Itaquaquecetuba; suspeito est\u00e1 foragido"},"content":{"rendered":"<div><img decoding=\"async\" src=\"https:\/\/tvdiario.com.br\/comercial\/wp-content\/uploads\/2026\/03\/shpp.jpg\"><br \/>     Caso \u00e9 investigado pelo SHPP de Mogi das Cruzes<br \/>\nBasilio Magno\/TV Di\u00e1rio<br \/>\nUm homem morreu e outro ficou ferido ap\u00f3s serem baleados na noite desta sexta-feira (13), em Itaquaquecetuba, na Grande S\u00e3o Paulo. O suspeito foi identificado pela pol\u00edcia e est\u00e1 foragido.<br \/>\nA v\u00edtima que morreu foi identificada como Cidmar Alves Zilio. Ele foi baleado e morreu no local.<br \/>\n\u2705 Clique para seguir o canal do g1 Mogi das Cruzes e Suzano no WhatsApp<br \/>\nSegundo o Setor de Homic\u00eddios e Prote\u00e7\u00e3o \u00e0 Pessoa (SHPP) de Mogi das Cruzes, o autor dos disparos foi identificado durante buscas feitas na madrugada. Ele fugiu ap\u00f3s o crime e ainda n\u00e3o foi localizado.<br \/>\nO crime aconteceu por volta das 18h40, na Estrada Bonsucesso, no bairro Rio Abaixo. Policiais militares foram chamados pelo Centro de Opera\u00e7\u00f5es da Pol\u00edcia Militar (Copom) ap\u00f3s den\u00fancia de tiros.<br \/>\nVEJA TAMB\u00c9M<br \/>\nVeja os v\u00eddeos que est\u00e3o em alta no g1<br \/>\nNo local, os policiais encontraram moradores reunidos em uma \u00e1rea de pastagem pr\u00f3xima a uma estrada de terra que leva \u00e0 comunidade conhecida como Vila do Sapo. As pessoas indicaram onde os tiros teriam ocorrido.<br \/>\nOs policiais encontraram Cidmar ca\u00eddo, com um tiro no t\u00f3rax e sem sinais vitais.<br \/>\nSegundo testemunhas, o cunhado de Cidmar tamb\u00e9m foi baleado. Ele foi levado por moradores ao Hospital Santa Marcelina, em Itaquaquecetuba. A v\u00edtima foi atendida e n\u00e3o corre risco de morte.<br \/>\n\u00c0 pol\u00edcia, a v\u00edtima ferida contou que Cidmar discutiu com um homem apontado por moradores como seguran\u00e7a de uma empresa. Ele tentou separar a briga, mas a discuss\u00e3o virou agress\u00e3o f\u00edsica.<br \/>\nSegundo o relato, o suspeito sacou uma arma. Cidmar tentou desarm\u00e1-lo. Nesse momento, o homem fez v\u00e1rios disparos e atingiu os dois.<br \/>\nUma testemunha disse que fugiu do local ao ouvir os tiros, com medo de ser atingida. A per\u00edcia foi acionada e o caso \u00e9 investigado pelo SHPP.<br \/>\nAssista a mais not\u00edcias do Alto Tiet\u00ea<\/div>\n","protected":false},"excerpt":{"rendered":"<p>Caso \u00e9 investigado pelo SHPP de Mogi das Cruzes Basilio Magno\/TV Di\u00e1rio Um homem morreu e outro ficou ferido ap\u00f3s serem baleados na noite desta sexta-feira (13), em Itaquaquecetuba, na &#8230;<\/p>\n","protected":false},"author":3,"featured_media":2000,"comment_status":"closed","ping_status":"closed","sticky":false,"template":"","format":"standard","meta":{"footnotes":""},"categories":[18],"tags":[],"class_list":["post-1999","post","type-post","status-publish","format-standard","has-post-thumbnail","hentry","category-g1"],"_links":{"self":[{"href":"https:\/\/tvdiario.com.br\/comercial\/wp-json\/wp\/v2\/posts\/1999","targetHints":{"allow":["GET"]}}],"collection":[{"href":"https:\/\/tvdiario.com.br\/comercial\/wp-json\/wp\/v2\/posts"}],"about":[{"href":"https:\/\/tvdiario.com.br\/comercial\/wp-json\/wp\/v2\/types\/post"}],"author":[{"embeddable":true,"href":"https:\/\/tvdiario.com.br\/comercial\/wp-json\/wp\/v2\/users\/3"}],"replies":[{"embeddable":true,"href":"https:\/\/tvdiario.com.br\/comercial\/wp-json\/wp\/v2\/comments?post=1999"}],"version-history":[{"count":0,"href":"https:\/\/tvdiario.com.br\/comercial\/wp-json\/wp\/v2\/posts\/1999\/revisions"}],"wp:featuredmedia":[{"embeddable":true,"href":"https:\/\/tvdiario.com.br\/comercial\/wp-json\/wp\/v2\/media\/2000"}],"wp:attachment":[{"href":"https:\/\/tvdiario.com.br\/comercial\/wp-json\/wp\/v2\/media?parent=1999"}],"wp:term":[{"taxonomy":"category","embeddable":true,"href":"https:\/\/tvdiario.com.br\/comercial\/wp-json\/wp\/v2\/categories?post=1999"},{"taxonomy":"post_tag","embeddable":true,"href":"https:\/\/tvdiario.com.br\/comercial\/wp-json\/wp\/v2\/tags?post=1999"}],"curies":[{"name":"wp","href":"https:\/\/api.w.org\/{rel}","templated":true}]}}