{"id":2001,"date":"2026-03-14T21:23:36","date_gmt":"2026-03-15T00:23:36","guid":{"rendered":"https:\/\/tvdiario.com.br\/comercial\/dupla-invade-casa-rouba-moto-e-acaba-presa-apos-celular-da-vitima-indicar-localizacao-em-mogi-das-cruzes\/"},"modified":"2026-03-14T21:23:36","modified_gmt":"2026-03-15T00:23:36","slug":"dupla-invade-casa-rouba-moto-e-acaba-presa-apos-celular-da-vitima-indicar-localizacao-em-mogi-das-cruzes","status":"publish","type":"post","link":"https:\/\/tvdiario.com.br\/comercial\/dupla-invade-casa-rouba-moto-e-acaba-presa-apos-celular-da-vitima-indicar-localizacao-em-mogi-das-cruzes\/","title":{"rendered":"Dupla invade casa, rouba moto e acaba presa ap\u00f3s celular da v\u00edtima indicar localiza\u00e7\u00e3o em Mogi das Cruzes"},"content":{"rendered":"<div><img decoding=\"async\" src=\"https:\/\/tvdiario.com.br\/comercial\/wp-content\/uploads\/2026\/03\/im-lk-prisao-cocuera-140326.jpg\"><br \/>     Moto roubada foi recuperada em Mogi das Cruzes<br \/>\nReprodu\u00e7\u00e3o\/TV Di\u00e1rio<br \/>\nDois homens foram presos suspeitos de roubar uma motocicleta na noite desta sexta-feira (13), em Mogi das Cruzes. A pris\u00e3o ocorreu ap\u00f3s uma a\u00e7\u00e3o conjunta da Pol\u00edcia Militar e da Guarda Civil Municipal (GCM).<br \/>\nSegundo a Pol\u00edcia Militar, os suspeitos invadiram uma casa na Rua Jos\u00e9 Moretti, na Vila Natal, e roubaram uma motocicleta usando uma arma de fogo. Eles tamb\u00e9m levaram a bolsa e o celular da v\u00edtima.<br \/>\n\u2705 Clique para seguir o canal do g1 Mogi das Cruzes e Suzano no WhatsApp<br \/>\nO celular tinha um aplicativo de localiza\u00e7\u00e3o, o que ajudou os policiais a identificar que o aparelho estava na Rua Ernesto Ferreli, no bairro Cocuera. Um dos suspeitos foi encontrado em uma \u00e1rea de mata e detido pela Pol\u00edcia Militar, com apoio do helic\u00f3ptero \u00c1guia.<br \/>\nO outro homem foi localizado pela Guarda Civil Municipal nas imedia\u00e7\u00f5es da Rua Coronel Cardoso de Siqueira, na regi\u00e3o central da cidade. Durante a abordagem, os agentes encontraram com ele um rev\u00f3lver calibre 32.<br \/>\nDe acordo com a Secretaria Municipal de Seguran\u00e7a, o suspeito preso pela GCM tem antecedentes por roubo e era procurado pela Justi\u00e7a.<br \/>\nDurante as buscas, a motocicleta roubada foi encontrada em uma \u00e1rea de matagal pr\u00f3xima ao Jardim Nova Uni\u00e3o. No mesmo local, a moto utilizada no crime tamb\u00e9m foi localizada.<br \/>\nOs dois suspeitos foram levados para a Central de Flagrantes da Pol\u00edcia Civil de Mogi das Cruzes, onde o caso foi registrado como roubo e ser\u00e1 investigado.<br \/>\nAssista a mais not\u00edcias do Alto Tiet\u00ea<\/div>\n","protected":false},"excerpt":{"rendered":"<p>Moto roubada foi recuperada em Mogi das Cruzes Reprodu\u00e7\u00e3o\/TV Di\u00e1rio Dois homens foram presos suspeitos de roubar uma motocicleta na noite desta sexta-feira (13), em Mogi das Cruzes. A pris\u00e3o &#8230;<\/p>\n","protected":false},"author":3,"featured_media":2002,"comment_status":"closed","ping_status":"closed","sticky":false,"template":"","format":"standard","meta":{"footnotes":""},"categories":[18],"tags":[],"class_list":["post-2001","post","type-post","status-publish","format-standard","has-post-thumbnail","hentry","category-g1"],"_links":{"self":[{"href":"https:\/\/tvdiario.com.br\/comercial\/wp-json\/wp\/v2\/posts\/2001","targetHints":{"allow":["GET"]}}],"collection":[{"href":"https:\/\/tvdiario.com.br\/comercial\/wp-json\/wp\/v2\/posts"}],"about":[{"href":"https:\/\/tvdiario.com.br\/comercial\/wp-json\/wp\/v2\/types\/post"}],"author":[{"embeddable":true,"href":"https:\/\/tvdiario.com.br\/comercial\/wp-json\/wp\/v2\/users\/3"}],"replies":[{"embeddable":true,"href":"https:\/\/tvdiario.com.br\/comercial\/wp-json\/wp\/v2\/comments?post=2001"}],"version-history":[{"count":0,"href":"https:\/\/tvdiario.com.br\/comercial\/wp-json\/wp\/v2\/posts\/2001\/revisions"}],"wp:featuredmedia":[{"embeddable":true,"href":"https:\/\/tvdiario.com.br\/comercial\/wp-json\/wp\/v2\/media\/2002"}],"wp:attachment":[{"href":"https:\/\/tvdiario.com.br\/comercial\/wp-json\/wp\/v2\/media?parent=2001"}],"wp:term":[{"taxonomy":"category","embeddable":true,"href":"https:\/\/tvdiario.com.br\/comercial\/wp-json\/wp\/v2\/categories?post=2001"},{"taxonomy":"post_tag","embeddable":true,"href":"https:\/\/tvdiario.com.br\/comercial\/wp-json\/wp\/v2\/tags?post=2001"}],"curies":[{"name":"wp","href":"https:\/\/api.w.org\/{rel}","templated":true}]}}