{"id":2003,"date":"2026-03-15T15:13:13","date_gmt":"2026-03-15T18:13:13","guid":{"rendered":"https:\/\/tvdiario.com.br\/comercial\/procurado-por-assalto-que-terminou-com-morte-de-pm-aposentado-e-preso-em-mogi-das-cruzes\/"},"modified":"2026-03-15T15:13:13","modified_gmt":"2026-03-15T18:13:13","slug":"procurado-por-assalto-que-terminou-com-morte-de-pm-aposentado-e-preso-em-mogi-das-cruzes","status":"publish","type":"post","link":"https:\/\/tvdiario.com.br\/comercial\/procurado-por-assalto-que-terminou-com-morte-de-pm-aposentado-e-preso-em-mogi-das-cruzes\/","title":{"rendered":"Procurado por assalto que terminou com morte de PM aposentado \u00e9 preso em Mogi das Cruzes"},"content":{"rendered":"<div><img decoding=\"async\" src=\"https:\/\/tvdiario.com.br\/comercial\/wp-content\/uploads\/2026\/03\/im-lk-prisao-cocuera-140326-1.jpg\"><br \/>     Suspeitos invadem casa e roubam moto de morador em Mogi das Cruzes<br \/>\nUm homem procurado pela Justi\u00e7a por suspeita de participar do latroc\u00ednio de um policial militar aposentado foi preso neste s\u00e1bado (14), em Mogi das Cruzes. A captura ocorreu ap\u00f3s uma a\u00e7\u00e3o da Pol\u00edcia Militar e da Guarda Civil Municipal (GCM) durante a investiga\u00e7\u00e3o de um roubo de motocicleta.<br \/>\nDe acordo com a Pol\u00edcia Militar, o homem foi localizado por equipes da GCM e estava com um rev\u00f3lver calibre .32. Durante a verifica\u00e7\u00e3o, os agentes constataram que havia um mandado de pris\u00e3o contra ele. O suspeito tamb\u00e9m confessou participa\u00e7\u00e3o no crime, segundo os policiais.<br \/>\n\u2705 Clique para seguir o canal do g1 Mogi das Cruzes e Suzano no WhatsApp<br \/>\nAinda de acordo com a pol\u00edcia, ap\u00f3s consulta aos sistemas de seguran\u00e7a, foi identificado que o homem \u00e9 investigado por envolvimento no latroc\u00ednio (roubo seguido de morte) de um policial militar aposentado ocorrido h\u00e1 cerca de dois anos em Mogi das Cruzes.<br \/>\nPolicial militar aposentado morru ap\u00f3s tentativa de assalto em Mogi das Cruzes<br \/>\nAnt\u00f4nio Sim\u00f5es Marques\/Arquivo pessoal<br \/>\nO crime aconteceu em novembro de 2023, na Avenida Francisco Ribeiro Nogueira, no bairro Mogi Moderno. Na ocasi\u00e3o, o policial aposentado, de 61 anos, estava em uma motocicleta quando foi abordado por dois suspeitos durante uma tentativa de assalto.<br \/>\nLEIA MAIS:<br \/>\nPM aposentado morre ap\u00f3s tentativa de assalto na Grande SP<br \/>\nDupla invade casa, rouba moto e acaba presa ap\u00f3s celular da v\u00edtima indicar localiza\u00e7\u00e3o em Mogi das Cruzes<br \/>\nSegundo a Secretaria de Seguran\u00e7a P\u00fablica (SSP), a v\u00edtima foi baleada duas vezes e encontrada ca\u00edda ao lado da moto. O policial chegou a ser socorrido pelo Servi\u00e7o de Atendimento M\u00f3vel de Urg\u00eancia (Samu) e levado ao Hospital das Cl\u00ednicas Luzia de Pinho Melo, mas n\u00e3o resistiu aos ferimentos.<br \/>\nAp\u00f3s o crime, os suspeitos abandonaram a motocicleta no local e fugiram. A \u00e1rea foi isolada para o trabalho da per\u00edcia.<br \/>\nNa \u00e9poca, um adolescente de 17 anos chegou a ser apreendido suspeito de participa\u00e7\u00e3o no caso, no bairro Vila da Prata.<br \/>\nRoubo de moto<br \/>\nA pris\u00e3o do homem procurado aconteceu durante as buscas por suspeitos de um roubo de motocicleta registrado neste s\u00e1bado na Rua Jos\u00e9 Moretti, na Vila Natal. Durante a a\u00e7\u00e3o criminosa, dois homens renderam a v\u00edtima com uma arma de fogo e levaram a motocicleta e um celular.<br \/>\nO celular tinha aplicativo de localiza\u00e7\u00e3o, o que ajudou os policiais a identificar que o aparelho estava em uma \u00e1rea de mata na Rua Ernesto Ferreli, no bairro Cocuera. Durante as buscas, um dos suspeitos foi localizado pela Pol\u00edcia Militar dentro da mata e detido.<br \/>\nMoto roubadas foram recuperadas e suspeitos presos em Mogi das Cruzes<br \/>\nReprodu\u00e7\u00e3o\/TV Di\u00e1rio<br \/>\nO segundo homem foi encontrado pela Guarda Civil Municipal na regi\u00e3o central da cidade e preso. Durante as dilig\u00eancias, os policiais tamb\u00e9m localizaram a motocicleta roubada e outra moto usada pelos suspeitos na a\u00e7\u00e3o, que tamb\u00e9m era produto de roubo.<br \/>\nOs dois foram levados para a Central de Flagrantes de Mogi das Cruzes. O caso segue em investiga\u00e7\u00e3o pela Pol\u00edcia Civil.<br \/>\nAssista a mais not\u00edcias do Alto Tiet\u00ea<\/div>\n","protected":false},"excerpt":{"rendered":"<p>Suspeitos invadem casa e roubam moto de morador em Mogi das Cruzes Um homem procurado pela Justi\u00e7a por suspeita de participar do latroc\u00ednio de um policial militar aposentado foi preso &#8230;<\/p>\n","protected":false},"author":3,"featured_media":2004,"comment_status":"closed","ping_status":"closed","sticky":false,"template":"","format":"standard","meta":{"footnotes":""},"categories":[18],"tags":[],"class_list":["post-2003","post","type-post","status-publish","format-standard","has-post-thumbnail","hentry","category-g1"],"_links":{"self":[{"href":"https:\/\/tvdiario.com.br\/comercial\/wp-json\/wp\/v2\/posts\/2003","targetHints":{"allow":["GET"]}}],"collection":[{"href":"https:\/\/tvdiario.com.br\/comercial\/wp-json\/wp\/v2\/posts"}],"about":[{"href":"https:\/\/tvdiario.com.br\/comercial\/wp-json\/wp\/v2\/types\/post"}],"author":[{"embeddable":true,"href":"https:\/\/tvdiario.com.br\/comercial\/wp-json\/wp\/v2\/users\/3"}],"replies":[{"embeddable":true,"href":"https:\/\/tvdiario.com.br\/comercial\/wp-json\/wp\/v2\/comments?post=2003"}],"version-history":[{"count":0,"href":"https:\/\/tvdiario.com.br\/comercial\/wp-json\/wp\/v2\/posts\/2003\/revisions"}],"wp:featuredmedia":[{"embeddable":true,"href":"https:\/\/tvdiario.com.br\/comercial\/wp-json\/wp\/v2\/media\/2004"}],"wp:attachment":[{"href":"https:\/\/tvdiario.com.br\/comercial\/wp-json\/wp\/v2\/media?parent=2003"}],"wp:term":[{"taxonomy":"category","embeddable":true,"href":"https:\/\/tvdiario.com.br\/comercial\/wp-json\/wp\/v2\/categories?post=2003"},{"taxonomy":"post_tag","embeddable":true,"href":"https:\/\/tvdiario.com.br\/comercial\/wp-json\/wp\/v2\/tags?post=2003"}],"curies":[{"name":"wp","href":"https:\/\/api.w.org\/{rel}","templated":true}]}}