{"id":2005,"date":"2026-03-15T21:10:42","date_gmt":"2026-03-16T00:10:42","guid":{"rendered":"https:\/\/tvdiario.com.br\/comercial\/motociclista-morre-e-mulher-fica-ferida-apos-moto-bater-em-caminhonete-na-mogi-bertioga\/"},"modified":"2026-03-15T21:10:42","modified_gmt":"2026-03-16T00:10:42","slug":"motociclista-morre-e-mulher-fica-ferida-apos-moto-bater-em-caminhonete-na-mogi-bertioga","status":"publish","type":"post","link":"https:\/\/tvdiario.com.br\/comercial\/motociclista-morre-e-mulher-fica-ferida-apos-moto-bater-em-caminhonete-na-mogi-bertioga\/","title":{"rendered":"Motociclista morre e mulher fica ferida ap\u00f3s moto bater em caminhonete na Mogi-Bertioga"},"content":{"rendered":"<div><img decoding=\"async\" src=\"https:\/\/tvdiario.com.br\/comercial\/wp-content\/uploads\/2026\/03\/design-sem-nome-4-.jpg\"><br \/>     Moto bateu na lateral de uma caminhonete na Mogi-Bertioga<br \/>\nDivulga\u00e7\u00e3o\/Artesp<br \/>\nUm motociclista morreu e uma mulher ficou ferida ap\u00f3s uma batida com uma caminhonete na rodovia Mogi-Bertioga, em Biritiba-Mirim, na tarde deste domingo (15).<br \/>\nSegundo a Pol\u00edcia Militar Rodovi\u00e1ria, o acidente aconteceu no km 82 da rodovia e envolveu uma motocicleta e uma caminhonete. O motociclista estava sem documento, mas, a pol\u00edcia informou que ele aparentava ter 30 anos. J\u00e1 a mulher, que tamb\u00e9m estava na moto, tem 21 anos.<br \/>\n\u2705 Clique para seguir o canal do g1 Mogi das Cruzes e Suzano no WhatsApp<br \/>\nDe acordo com informa\u00e7\u00f5es da Ag\u00eancia de Transporte do Estado de S\u00e3o Paulo (Artesp), uma caminhonete Ford seguia pela faixa 1 da pista no sentido Mogi das Cruzes, na subida da serra. J\u00e1 a motocicleta trafegava no sentido litoral quando, ao fazer uma curva, o condutor perdeu o controle da dire\u00e7\u00e3o por motivos ainda desconhecidos.<br \/>\nA moto invadiu a pista contr\u00e1ria e bateu lateralmente na caminhonete.<br \/>\nVEJA TAMB\u00c9M<br \/>\nVeja os v\u00eddeos que est\u00e3o em alta no g1<br \/>\nO motociclista morreu no local, enquanto a outra v\u00edtima ficou ferida e foi socorrida para o pronto-socorro de Bertioga. Ainda segundo a Artesp, duas pessoas que estavam na caminhonete tiveram ferimentos leves.<br \/>\nPor volta das 16h50, foi implantado o sistema \u201cpare e siga\u201d no trecho para a retirada dos ve\u00edculos da pista. A per\u00edcia foi acionada e chegou ao local por volta das 17h40.<br \/>\nAp\u00f3s os trabalhos da per\u00edcia, os ve\u00edculos foram levados para a base da Pol\u00edcia Militar Rodovi\u00e1ria. As causas do acidente ser\u00e3o investigadas.<br \/>\nAssista a mais not\u00edcias do Alto Tiet\u00ea<\/div>\n","protected":false},"excerpt":{"rendered":"<p>Moto bateu na lateral de uma caminhonete na Mogi-Bertioga Divulga\u00e7\u00e3o\/Artesp Um motociclista morreu e uma mulher ficou ferida ap\u00f3s uma batida com uma caminhonete na rodovia Mogi-Bertioga, em Biritiba-Mirim, na &#8230;<\/p>\n","protected":false},"author":3,"featured_media":2006,"comment_status":"closed","ping_status":"closed","sticky":false,"template":"","format":"standard","meta":{"footnotes":""},"categories":[18],"tags":[],"class_list":["post-2005","post","type-post","status-publish","format-standard","has-post-thumbnail","hentry","category-g1"],"_links":{"self":[{"href":"https:\/\/tvdiario.com.br\/comercial\/wp-json\/wp\/v2\/posts\/2005","targetHints":{"allow":["GET"]}}],"collection":[{"href":"https:\/\/tvdiario.com.br\/comercial\/wp-json\/wp\/v2\/posts"}],"about":[{"href":"https:\/\/tvdiario.com.br\/comercial\/wp-json\/wp\/v2\/types\/post"}],"author":[{"embeddable":true,"href":"https:\/\/tvdiario.com.br\/comercial\/wp-json\/wp\/v2\/users\/3"}],"replies":[{"embeddable":true,"href":"https:\/\/tvdiario.com.br\/comercial\/wp-json\/wp\/v2\/comments?post=2005"}],"version-history":[{"count":0,"href":"https:\/\/tvdiario.com.br\/comercial\/wp-json\/wp\/v2\/posts\/2005\/revisions"}],"wp:featuredmedia":[{"embeddable":true,"href":"https:\/\/tvdiario.com.br\/comercial\/wp-json\/wp\/v2\/media\/2006"}],"wp:attachment":[{"href":"https:\/\/tvdiario.com.br\/comercial\/wp-json\/wp\/v2\/media?parent=2005"}],"wp:term":[{"taxonomy":"category","embeddable":true,"href":"https:\/\/tvdiario.com.br\/comercial\/wp-json\/wp\/v2\/categories?post=2005"},{"taxonomy":"post_tag","embeddable":true,"href":"https:\/\/tvdiario.com.br\/comercial\/wp-json\/wp\/v2\/tags?post=2005"}],"curies":[{"name":"wp","href":"https:\/\/api.w.org\/{rel}","templated":true}]}}