{"id":2007,"date":"2026-03-16T09:29:05","date_gmt":"2026-03-16T12:29:05","guid":{"rendered":"https:\/\/tvdiario.com.br\/comercial\/suspeito-de-furtar-pa-carregadeira-da-prefeitura-e-baleado-pela-gcm-em-mogi-das-cruzes\/"},"modified":"2026-03-16T09:29:05","modified_gmt":"2026-03-16T12:29:05","slug":"suspeito-de-furtar-pa-carregadeira-da-prefeitura-e-baleado-pela-gcm-em-mogi-das-cruzes","status":"publish","type":"post","link":"https:\/\/tvdiario.com.br\/comercial\/suspeito-de-furtar-pa-carregadeira-da-prefeitura-e-baleado-pela-gcm-em-mogi-das-cruzes\/","title":{"rendered":"Suspeito de furtar p\u00e1-carregadeira da Prefeitura \u00e9 baleado pela GCM em Mogi das Cruzes"},"content":{"rendered":"<div><img decoding=\"async\" src=\"https:\/\/tvdiario.com.br\/comercial\/wp-content\/uploads\/2026\/03\/whatsapp-image-2026-03-15-at-200726.jpeg\"><br \/>     P\u00e1-carregadeira da Prefeitura foi recuperada durante a\u00e7\u00e3o da GCM<br \/>\nDivulga\u00e7\u00e3o\/Prefeitura de Mogi das Cruzes<br \/>\nUm homem suspeito de furtar uma p\u00e1-carregadeira da Prefeitura foi baleado no bra\u00e7o por guardas municipais durante uma abordagem em Mogi das Cruzes, na regi\u00e3o do Quatinga, neste domingo (15).<br \/>\nSegundo a Prefeitura, a Guarda Civil Municipal (GCM) fazia um patrulhamento refor\u00e7ado na \u00e1rea rural quando encontrou o equipamento em uma estrada vicinal do distrito. A m\u00e1quina pertence \u00e0 Secretaria Municipal de Servi\u00e7os Urbanos e havia sido furtada no dia 9 de mar\u00e7o, no bairro Varinhas.<br \/>\n\u2705 Clique para seguir o canal do g1 Mogi das Cruzes e Suzano no WhatsApp<br \/>\nDe acordo com a Secretaria Municipal de Seguran\u00e7a, durante a abordagem o suspeito teria avan\u00e7ado contra os agentes e feito men\u00e7\u00e3o de sacar um objeto da cintura. Diante da situa\u00e7\u00e3o, os guardas reagiram e efetuaram disparos, atingindo o homem no bra\u00e7o.<br \/>\nLEIA TAMB\u00c9M:<br \/>\nMotociclista morre e mulher fica ferida ap\u00f3s moto bater em caminhonete na Mogi-Bertioga<br \/>\nProcurado por assalto que terminou com morte de PM aposentado \u00e9 preso em Mogi das Cruzes<br \/>\nO suspeito foi socorrido e levado ao pronto-socorro, onde recebeu atendimento m\u00e9dico. Segundo a prefeitura, ele n\u00e3o corre risco de morte.<br \/>\nAinda de acordo com a administra\u00e7\u00e3o municipal, a p\u00e1-carregadeira foi recuperada e ser\u00e1 devolvida \u00e0 Secretaria Municipal de Servi\u00e7os Urbanos.<br \/>\nA ocorr\u00eancia foi registrada na delegacia para as provid\u00eancias cab\u00edveis.<br \/>\nVEJA MAIS<br \/>\nVeja os v\u00eddeos que est\u00e3o em alta no g1<br \/>\nAssista a mais not\u00edcias do Alto Tiet\u00ea<\/div>\n","protected":false},"excerpt":{"rendered":"<p>P\u00e1-carregadeira da Prefeitura foi recuperada durante a\u00e7\u00e3o da GCM Divulga\u00e7\u00e3o\/Prefeitura de Mogi das Cruzes Um homem suspeito de furtar uma p\u00e1-carregadeira da Prefeitura foi baleado no bra\u00e7o por guardas municipais &#8230;<\/p>\n","protected":false},"author":3,"featured_media":2008,"comment_status":"closed","ping_status":"closed","sticky":false,"template":"","format":"standard","meta":{"footnotes":""},"categories":[18],"tags":[],"class_list":["post-2007","post","type-post","status-publish","format-standard","has-post-thumbnail","hentry","category-g1"],"_links":{"self":[{"href":"https:\/\/tvdiario.com.br\/comercial\/wp-json\/wp\/v2\/posts\/2007","targetHints":{"allow":["GET"]}}],"collection":[{"href":"https:\/\/tvdiario.com.br\/comercial\/wp-json\/wp\/v2\/posts"}],"about":[{"href":"https:\/\/tvdiario.com.br\/comercial\/wp-json\/wp\/v2\/types\/post"}],"author":[{"embeddable":true,"href":"https:\/\/tvdiario.com.br\/comercial\/wp-json\/wp\/v2\/users\/3"}],"replies":[{"embeddable":true,"href":"https:\/\/tvdiario.com.br\/comercial\/wp-json\/wp\/v2\/comments?post=2007"}],"version-history":[{"count":0,"href":"https:\/\/tvdiario.com.br\/comercial\/wp-json\/wp\/v2\/posts\/2007\/revisions"}],"wp:featuredmedia":[{"embeddable":true,"href":"https:\/\/tvdiario.com.br\/comercial\/wp-json\/wp\/v2\/media\/2008"}],"wp:attachment":[{"href":"https:\/\/tvdiario.com.br\/comercial\/wp-json\/wp\/v2\/media?parent=2007"}],"wp:term":[{"taxonomy":"category","embeddable":true,"href":"https:\/\/tvdiario.com.br\/comercial\/wp-json\/wp\/v2\/categories?post=2007"},{"taxonomy":"post_tag","embeddable":true,"href":"https:\/\/tvdiario.com.br\/comercial\/wp-json\/wp\/v2\/tags?post=2007"}],"curies":[{"name":"wp","href":"https:\/\/api.w.org\/{rel}","templated":true}]}}