{"id":2009,"date":"2026-03-16T12:11:00","date_gmt":"2026-03-16T15:11:00","guid":{"rendered":"https:\/\/tvdiario.com.br\/comercial\/fatec-e-etec-de-mogi-das-cruzes-tem-selecao-para-auxiliar-de-docente-com-salario-de-r-31-mil\/"},"modified":"2026-03-16T12:11:00","modified_gmt":"2026-03-16T15:11:00","slug":"fatec-e-etec-de-mogi-das-cruzes-tem-selecao-para-auxiliar-de-docente-com-salario-de-r-31-mil","status":"publish","type":"post","link":"https:\/\/tvdiario.com.br\/comercial\/fatec-e-etec-de-mogi-das-cruzes-tem-selecao-para-auxiliar-de-docente-com-salario-de-r-31-mil\/","title":{"rendered":"Fatec e Etec de Mogi das Cruzes t\u00eam sele\u00e7\u00e3o para auxiliar de docente com sal\u00e1rio de R$ 3,1 mil"},"content":{"rendered":"<div><img decoding=\"async\" src=\"https:\/\/tvdiario.com.br\/comercial\/wp-content\/uploads\/2026\/03\/etec-01.jpg\"><br \/>     Etec de Mogi das Cruzes tem vaga na \u00e1rea da sa\u00fade<br \/>\nVin\u00edcius Silva\/TV Di\u00e1rio<br \/>\nO Centro Paula Souza (CPS) est\u00e1 com dois processos seletivos abertos para contrata\u00e7\u00e3o de auxiliar de docente em Mogi das Cruzes, com sal\u00e1rio de R$ 3,1 mil. As vagas s\u00e3o para atuar na Escola T\u00e9cnica Estadual Presidente Vargas (Etec) e na Faculdade de Tecnologia de Mogi das Cruzes (Fatec).<br \/>\nNo caso da vaga da Fatec, o prazo termina nesta segunda-feira (16). J\u00e1 para a Etec, as inscri\u00e7\u00f5es seguem at\u00e9 27 de mar\u00e7o.<br \/>\n\u2705 Clique para seguir o canal do g1 Mogi das Cruzes e Suzano no WhatsApp<br \/>\nO sal\u00e1rio \u00e9 de R$ 3.113,11, para jornada de 40 horas semanais. As oportunidades s\u00e3o para as \u00e1reas de sa\u00fade e inform\u00e1tica.<br \/>\nAs inscri\u00e7\u00f5es devem ser feitas pela internet, no site do Centro Paula Souza.<br \/>\nClique aqui para se inscrever<br \/>\nVagas e sal\u00e1rio<br \/>\nOs editais preveem uma vaga em cada unidade.<br \/>\nSal\u00e1rio: R$ 3.113,11 por m\u00eas<br \/>\nCarga hor\u00e1ria: 40 horas semanais<br \/>\nRegime de contrata\u00e7\u00e3o: CLT (tempor\u00e1rio)<br \/>\nO contrato tem dura\u00e7\u00e3o inicial de at\u00e9 um ano, podendo ser prorrogado por mais um ano.<br \/>\nA jornada pode ocorrer nos per\u00edodos diurno ou noturno e tamb\u00e9m aos s\u00e1bados, conforme a necessidade da institui\u00e7\u00e3o.<br \/>\nVaga na Fatec (inform\u00e1tica)<br \/>\nA sele\u00e7\u00e3o para a Faculdade de Tecnologia de Mogi das Cruzes \u00e9 para a \u00e1rea de inform\u00e1tica.<br \/>\nInscri\u00e7\u00f5es<br \/>\nPrazo: at\u00e9 esta segunda-feira (16)<br \/>\nOnde: clique aqui para se inscrever<br \/>\nRequisitos<br \/>\nPodem participar candidatos com forma\u00e7\u00e3o t\u00e9cnica ou superior em \u00e1reas de tecnologia, como:<br \/>\nInform\u00e1tica<br \/>\nDesenvolvimento de Sistemas<br \/>\nRedes de Computadores<br \/>\nCi\u00eancia da Computa\u00e7\u00e3o<br \/>\nEngenharia de Software<br \/>\nSistemas de Informa\u00e7\u00e3o<br \/>\nAn\u00e1lise e Desenvolvimento de Sistemas<br \/>\nBanco de Dados<br \/>\nSeguran\u00e7a da Informa\u00e7\u00e3o<br \/>\nProva pr\u00e1tica<br \/>\nNa segunda fase do processo, os candidatos dever\u00e3o desenvolver uma aplica\u00e7\u00e3o web de agenda integrada a banco de dados. A avalia\u00e7\u00e3o vai considerar o planejamento do c\u00f3digo, dom\u00ednio t\u00e9cnico e a explica\u00e7\u00e3o do funcionamento do sistema.<br \/>\nVaga na Etec (\u00e1rea da sa\u00fade)<br \/>\nA outra sele\u00e7\u00e3o \u00e9 para a Escola T\u00e9cnica Estadual Presidente Vargas, na \u00e1rea de sa\u00fade.<br \/>\nInscri\u00e7\u00f5es<br \/>\nPrazo: at\u00e9 27 de mar\u00e7o<br \/>\nOnde: clique aqui para se inscrever<br \/>\nRequisitos<br \/>\nPodem participar candidatos com forma\u00e7\u00e3o t\u00e9cnica ou superior em \u00e1reas como:<br \/>\nEnfermagem<br \/>\nNutri\u00e7\u00e3o<br \/>\nOdontologia<br \/>\nPr\u00f3tese Dent\u00e1ria<br \/>\nSa\u00fade Bucal<br \/>\nEngenharia ou tecnologia em alimentos<br \/>\nRadiologia<br \/>\nSistemas biom\u00e9dicos<br \/>\nProva pr\u00e1tica<br \/>\nA etapa pr\u00e1tica pode incluir atividades como:<br \/>\nhigieniza\u00e7\u00e3o de alimentos<br \/>\norganiza\u00e7\u00e3o de laborat\u00f3rio para aula pr\u00e1tica<br \/>\nidentifica\u00e7\u00e3o e uso de equipamentos<br \/>\nComo funciona a sele\u00e7\u00e3o<br \/>\nOs dois processos seletivos t\u00eam duas etapas:<br \/>\n1. An\u00e1lise do memorial (curr\u00edculo)<br \/>\nOs candidatos devem enviar um memorial circunstanciado, com informa\u00e7\u00f5es sobre forma\u00e7\u00e3o acad\u00eamica e experi\u00eancia profissional.<br \/>\nA pontua\u00e7\u00e3o vai de 0 a 100 pontos, sendo:<br \/>\nat\u00e9 70 pontos para forma\u00e7\u00e3o acad\u00eamica<br \/>\nat\u00e9 30 pontos para experi\u00eancia profissional<br \/>\nApenas os 10 candidatos mais bem classificados passam para a pr\u00f3xima etapa.<br \/>\n2. Prova pr\u00e1tica<br \/>\nNa segunda fase, os candidatos passam por uma avalia\u00e7\u00e3o pr\u00e1tica, relacionada \u00e0 \u00e1rea da vaga.<br \/>\nA prova tamb\u00e9m vale at\u00e9 100 pontos e \u00e9 necess\u00e1rio obter m\u00ednimo de 50 pontos para aprova\u00e7\u00e3o.<br \/>\nValidade do processo<br \/>\nOs processos seletivos ter\u00e3o validade de um ano, podendo ser prorrogados por mais um ano, conforme a necessidade das institui\u00e7\u00f5es.<br \/>\nFun\u00e7\u00f5es do cargo<br \/>\nEntre as atribui\u00e7\u00f5es do auxiliar de docente est\u00e3o:<br \/>\npreparar laborat\u00f3rios e materiais para aulas pr\u00e1ticas<br \/>\norganizar equipamentos e ambientes de ensino<br \/>\nauxiliar professores durante atividades pr\u00e1ticas<br \/>\norientar alunos no uso de equipamentos<br \/>\najudar na manuten\u00e7\u00e3o e na organiza\u00e7\u00e3o dos laborat\u00f3rios.<br \/>\nAssista a mais not\u00edcias do Alto Tiet\u00ea<\/div>\n","protected":false},"excerpt":{"rendered":"<p>Etec de Mogi das Cruzes tem vaga na \u00e1rea da sa\u00fade Vin\u00edcius Silva\/TV Di\u00e1rio O Centro Paula Souza (CPS) est\u00e1 com dois processos seletivos abertos para contrata\u00e7\u00e3o de auxiliar de &#8230;<\/p>\n","protected":false},"author":3,"featured_media":2010,"comment_status":"closed","ping_status":"closed","sticky":false,"template":"","format":"standard","meta":{"footnotes":""},"categories":[18],"tags":[],"class_list":["post-2009","post","type-post","status-publish","format-standard","has-post-thumbnail","hentry","category-g1"],"_links":{"self":[{"href":"https:\/\/tvdiario.com.br\/comercial\/wp-json\/wp\/v2\/posts\/2009","targetHints":{"allow":["GET"]}}],"collection":[{"href":"https:\/\/tvdiario.com.br\/comercial\/wp-json\/wp\/v2\/posts"}],"about":[{"href":"https:\/\/tvdiario.com.br\/comercial\/wp-json\/wp\/v2\/types\/post"}],"author":[{"embeddable":true,"href":"https:\/\/tvdiario.com.br\/comercial\/wp-json\/wp\/v2\/users\/3"}],"replies":[{"embeddable":true,"href":"https:\/\/tvdiario.com.br\/comercial\/wp-json\/wp\/v2\/comments?post=2009"}],"version-history":[{"count":0,"href":"https:\/\/tvdiario.com.br\/comercial\/wp-json\/wp\/v2\/posts\/2009\/revisions"}],"wp:featuredmedia":[{"embeddable":true,"href":"https:\/\/tvdiario.com.br\/comercial\/wp-json\/wp\/v2\/media\/2010"}],"wp:attachment":[{"href":"https:\/\/tvdiario.com.br\/comercial\/wp-json\/wp\/v2\/media?parent=2009"}],"wp:term":[{"taxonomy":"category","embeddable":true,"href":"https:\/\/tvdiario.com.br\/comercial\/wp-json\/wp\/v2\/categories?post=2009"},{"taxonomy":"post_tag","embeddable":true,"href":"https:\/\/tvdiario.com.br\/comercial\/wp-json\/wp\/v2\/tags?post=2009"}],"curies":[{"name":"wp","href":"https:\/\/api.w.org\/{rel}","templated":true}]}}