{"id":2013,"date":"2026-03-16T18:16:22","date_gmt":"2026-03-16T21:16:22","guid":{"rendered":"https:\/\/tvdiario.com.br\/comercial\/caminhao-bate-em-muro-na-presidente-dutra-e-helicoptero-aguia-e-acionado-para-socorrer-vitima\/"},"modified":"2026-03-16T18:16:22","modified_gmt":"2026-03-16T21:16:22","slug":"caminhao-bate-em-muro-na-presidente-dutra-e-helicoptero-aguia-e-acionado-para-socorrer-vitima","status":"publish","type":"post","link":"https:\/\/tvdiario.com.br\/comercial\/caminhao-bate-em-muro-na-presidente-dutra-e-helicoptero-aguia-e-acionado-para-socorrer-vitima\/","title":{"rendered":"Caminh\u00e3o bate em muro na Presidente Dutra e helic\u00f3ptero \u00c1guia \u00e9 acionado para socorrer v\u00edtima"},"content":{"rendered":"<div><img decoding=\"async\" src=\"https:\/\/tvdiario.com.br\/comercial\/wp-content\/uploads\/2026\/03\/aogra-vai.png\"><br \/>     Acidente aconteceu no quil\u00f4metro 189 da Rodovia Presidente Dutra (BR-116)<br \/>\nReprodu\u00e7\u00e3o \/ Google Maps<br \/>\nUm caminh\u00e3o bateu contra um muro na Rodovia Presidente Dutra (BR-116), na altura do km 189, em Aruj\u00e1, \u00e0s 13h56 desta segunda-feira (16).<br \/>\n\u2705 Clique para seguir o canal do g1 Mogi das Cruzes e Suzano no WhatsApp<br \/>\nDe acordo com as informa\u00e7\u00f5es CCR Rio\/SP, concession\u00e1ria que administra a via, uma v\u00edtima estava ilesa e a outra ficou em estado grave.<br \/>\nSegundo o Corpo de Bombeiros, a v\u00edtima grave ficou presa nas ferragens do caminh\u00e3o e precisou ser socorrida por um helic\u00f3ptero \u00e1guia. Ela foi encaminhada para o pronto socorro do Hospital Luzia de Pinho Mello, em Mogi das das Cruzes, por volta das 16h.<br \/>\nA CCR indicou que as duas faixa rodovia precisaram ser interditadas para atendimento da ocorr\u00eancia, provocando cerca de 2 km de congestionamento no trecho. Por volta das 17h01 a pista foi completamente liberada.<br \/>\nO g1 solicitou mais informa\u00e7\u00f5es \u00e0 Secretaria de Sa\u00fade do estado de S\u00e3o Paulo sobre o estado de sa\u00fade da v\u00edtima.<br \/>\nEst\u00e1 reportagem est\u00e1 em atualiza\u00e7\u00e3o.<br \/>\nVEJA MAIS<br \/>\nVeja os v\u00eddeos que est\u00e3o em alta no g1<br \/>\nAssista mais not\u00edcias sobre o Alto Tiet\u00ea<\/div>\n","protected":false},"excerpt":{"rendered":"<p>Acidente aconteceu no quil\u00f4metro 189 da Rodovia Presidente Dutra (BR-116) Reprodu\u00e7\u00e3o \/ Google Maps Um caminh\u00e3o bateu contra um muro na Rodovia Presidente Dutra (BR-116), na altura do km 189, &#8230;<\/p>\n","protected":false},"author":3,"featured_media":2014,"comment_status":"closed","ping_status":"closed","sticky":false,"template":"","format":"standard","meta":{"footnotes":""},"categories":[18],"tags":[],"class_list":["post-2013","post","type-post","status-publish","format-standard","has-post-thumbnail","hentry","category-g1"],"_links":{"self":[{"href":"https:\/\/tvdiario.com.br\/comercial\/wp-json\/wp\/v2\/posts\/2013","targetHints":{"allow":["GET"]}}],"collection":[{"href":"https:\/\/tvdiario.com.br\/comercial\/wp-json\/wp\/v2\/posts"}],"about":[{"href":"https:\/\/tvdiario.com.br\/comercial\/wp-json\/wp\/v2\/types\/post"}],"author":[{"embeddable":true,"href":"https:\/\/tvdiario.com.br\/comercial\/wp-json\/wp\/v2\/users\/3"}],"replies":[{"embeddable":true,"href":"https:\/\/tvdiario.com.br\/comercial\/wp-json\/wp\/v2\/comments?post=2013"}],"version-history":[{"count":0,"href":"https:\/\/tvdiario.com.br\/comercial\/wp-json\/wp\/v2\/posts\/2013\/revisions"}],"wp:featuredmedia":[{"embeddable":true,"href":"https:\/\/tvdiario.com.br\/comercial\/wp-json\/wp\/v2\/media\/2014"}],"wp:attachment":[{"href":"https:\/\/tvdiario.com.br\/comercial\/wp-json\/wp\/v2\/media?parent=2013"}],"wp:term":[{"taxonomy":"category","embeddable":true,"href":"https:\/\/tvdiario.com.br\/comercial\/wp-json\/wp\/v2\/categories?post=2013"},{"taxonomy":"post_tag","embeddable":true,"href":"https:\/\/tvdiario.com.br\/comercial\/wp-json\/wp\/v2\/tags?post=2013"}],"curies":[{"name":"wp","href":"https:\/\/api.w.org\/{rel}","templated":true}]}}