{"id":2015,"date":"2026-03-16T21:03:03","date_gmt":"2026-03-17T00:03:03","guid":{"rendered":"https:\/\/tvdiario.com.br\/comercial\/video-idoso-e-filmado-agredindo-cachorro-em-estacao-da-cptm-em-suzano\/"},"modified":"2026-03-16T21:03:03","modified_gmt":"2026-03-17T00:03:03","slug":"video-idoso-e-filmado-agredindo-cachorro-em-estacao-da-cptm-em-suzano","status":"publish","type":"post","link":"https:\/\/tvdiario.com.br\/comercial\/video-idoso-e-filmado-agredindo-cachorro-em-estacao-da-cptm-em-suzano\/","title":{"rendered":"V\u00cdDEO: idoso \u00e9 filmado agredindo cachorro em esta\u00e7\u00e3o da CPTM em Suzano"},"content":{"rendered":"<div><img decoding=\"async\" src=\"https:\/\/tvdiario.com.br\/comercial\/wp-content\/uploads\/2026\/03\/imagem-11-.jpg\"><br \/>     Idoso \u00e9 filmado agredindo cachorro em esta\u00e7\u00e3o da CPTM em Suzano<br \/>\nUm idoso foi flagrado agredindo um cachorro com um peda\u00e7o de madeira na manh\u00e3 deste s\u00e1bado (14), na \u00e1rea de acesso da esta\u00e7\u00e3o da Companhia Paulista de Trens Metropolitanos (CPTM), em Suzano, na Grande S\u00e3o Paulo.<br \/>\n\u27a1\ufe0f O v\u00eddeo da agress\u00e3o viralizou nas redes sociais e j\u00e1 soma mais de 1 milh\u00e3o de visualiza\u00e7\u00f5es.<br \/>\nNas imagens, o homem aparece caminhando com um bast\u00e3o de madeira. Ao ver o cachorro deitado na sombra, ele se aproxima e d\u00e1 um golpe nas costas do animal. Com a for\u00e7a do impacto, o objeto chega a se quebrar.<br \/>\n\u2705 Clique para seguir o canal do g1 Mogi das Cruzes e Suzano no WhatsApp<br \/>\n\ud83d\udd0e Maltratar animais silvestres, dom\u00e9sticos ou domesticados \u00e9 crime no Brasil. A Lei n\u00ba 14.064\/2020 determina que, quando se tratar de c\u00e3o ou gato, a pena pode ser de reclus\u00e3o, de 2 (dois) a 5 (cinco) anos, multa e proibi\u00e7\u00e3o da guarda.<br \/>\nO g1 entrou em contato com a Companhia Paulista de Trens Metropolitanos (CPTM) e com a Prefeitura de Suzano, mas n\u00e3o recebeu resposta at\u00e9 a \u00faltima atualiza\u00e7\u00e3o desta reportagem.<br \/>\nIdoso agride cachorro com paulada em esta\u00e7\u00e3o da CPTM<br \/>\nReprodu\u00e7\u00e3o \/ Deputado Federal Delegado Bruno Lima<br \/>\nAssista a mais not\u00edcias sobre o Alto Tiet\u00ea<\/div>\n","protected":false},"excerpt":{"rendered":"<p>Idoso \u00e9 filmado agredindo cachorro em esta\u00e7\u00e3o da CPTM em Suzano Um idoso foi flagrado agredindo um cachorro com um peda\u00e7o de madeira na manh\u00e3 deste s\u00e1bado (14), na \u00e1rea &#8230;<\/p>\n","protected":false},"author":3,"featured_media":2016,"comment_status":"closed","ping_status":"closed","sticky":false,"template":"","format":"standard","meta":{"footnotes":""},"categories":[18],"tags":[],"class_list":["post-2015","post","type-post","status-publish","format-standard","has-post-thumbnail","hentry","category-g1"],"_links":{"self":[{"href":"https:\/\/tvdiario.com.br\/comercial\/wp-json\/wp\/v2\/posts\/2015","targetHints":{"allow":["GET"]}}],"collection":[{"href":"https:\/\/tvdiario.com.br\/comercial\/wp-json\/wp\/v2\/posts"}],"about":[{"href":"https:\/\/tvdiario.com.br\/comercial\/wp-json\/wp\/v2\/types\/post"}],"author":[{"embeddable":true,"href":"https:\/\/tvdiario.com.br\/comercial\/wp-json\/wp\/v2\/users\/3"}],"replies":[{"embeddable":true,"href":"https:\/\/tvdiario.com.br\/comercial\/wp-json\/wp\/v2\/comments?post=2015"}],"version-history":[{"count":0,"href":"https:\/\/tvdiario.com.br\/comercial\/wp-json\/wp\/v2\/posts\/2015\/revisions"}],"wp:featuredmedia":[{"embeddable":true,"href":"https:\/\/tvdiario.com.br\/comercial\/wp-json\/wp\/v2\/media\/2016"}],"wp:attachment":[{"href":"https:\/\/tvdiario.com.br\/comercial\/wp-json\/wp\/v2\/media?parent=2015"}],"wp:term":[{"taxonomy":"category","embeddable":true,"href":"https:\/\/tvdiario.com.br\/comercial\/wp-json\/wp\/v2\/categories?post=2015"},{"taxonomy":"post_tag","embeddable":true,"href":"https:\/\/tvdiario.com.br\/comercial\/wp-json\/wp\/v2\/tags?post=2015"}],"curies":[{"name":"wp","href":"https:\/\/api.w.org\/{rel}","templated":true}]}}