{"id":2019,"date":"2026-03-17T12:13:52","date_gmt":"2026-03-17T15:13:52","guid":{"rendered":"https:\/\/tvdiario.com.br\/comercial\/tres-homens-vao-a-juri-popular-em-guararema-por-tentar-matar-gravida\/"},"modified":"2026-03-17T12:13:52","modified_gmt":"2026-03-17T15:13:52","slug":"tres-homens-vao-a-juri-popular-em-guararema-por-tentar-matar-gravida","status":"publish","type":"post","link":"https:\/\/tvdiario.com.br\/comercial\/tres-homens-vao-a-juri-popular-em-guararema-por-tentar-matar-gravida\/","title":{"rendered":"Tr\u00eas homens v\u00e3o a j\u00fari popular em Guararema por tentar matar gr\u00e1vida"},"content":{"rendered":"<div><img decoding=\"async\" src=\"https:\/\/tvdiario.com.br\/comercial\/wp-content\/uploads\/2026\/03\/whatsapp-image-2026-03-17-at-103706.jpeg\"><br \/>     R\u00e9us chegam na Secretaria Municipal de Emprego e Desenvolvimento Econ\u00f4mico<br \/>\nLuiz Carlos Barradas\/TV Di\u00e1rio<br \/>\nO j\u00fari popular dos tr\u00eas homens acusados de envolvimento na tentativa de homic\u00eddio de uma mulher em Guararema acontece nesta ter\u00e7a-feira (17). O julgamento, que come\u00e7ou por volta das 10h50, \u00e9 realizado na Secretaria Municipal de Emprego e Desenvolvimento Econ\u00f4mico (Semede).<br \/>\nOs r\u00e9us chegaram ao local por volta das 9h30. J\u00e1 o sorteio dos jurados teve in\u00edcio por volta das 10h20.<br \/>\n\u2705 Clique para seguir o canal do g1 Mogi das Cruzes e Suzano no WhatsApp<br \/>\nA sess\u00e3o ocorre na Semede porque o F\u00f3rum de Guararema n\u00e3o comporta um j\u00fari desse porte, com grande n\u00famero de participantes, entre r\u00e9us, advogados e testemunhas.<br \/>\nRespondem pelo crime Luciano Rodrigo dos Santos, ex-companheiro da v\u00edtima, apontado como mandante, e Adriano Augusto de Lima e Rodrigo Costa Ramos, acusados de participa\u00e7\u00e3o na tentativa de homic\u00eddio. Todos est\u00e3o presos.<br \/>\nO promotor de Justi\u00e7a respons\u00e1vel pelo caso \u00e9 Leonardo Dantas Costa. A defesa dos r\u00e9us \u00e9 feita por advogados particulares e pela Defensoria P\u00fablica.<br \/>\nRelembre o caso<br \/>\ng1: homens s\u00e3o detidos por tentativa de feminic\u00eddio em Guararema<br \/>\nA v\u00edtima, de 39 anos, foi encontrada ferida no dia 11 de fevereiro de 2024, em Guararema, ap\u00f3s ficar desaparecida desde o dia 9. Ela foi reconhecida por familiares e socorrida pelo Servi\u00e7o de Atendimento M\u00f3vel de Urg\u00eancia (Samu), sendo levada para um hospital em Mogi das Cruzes.<br \/>\nDe acordo com as investiga\u00e7\u00f5es, a mulher foi vista pela \u00faltima vez ao solicitar um carro de aplicativo.<br \/>\nDias depois, uma den\u00fancia an\u00f4nima levou \u00e0 identifica\u00e7\u00e3o de um suspeito, que foi localizado pela Pol\u00edcia Militar. Ele confessou o crime e afirmou que o ex-companheiro da v\u00edtima teria oferecido R$ 5 mil para cometer o assassinato.<br \/>\nSegundo a pol\u00edcia, a v\u00edtima estava gr\u00e1vida e perdeu o beb\u00ea ap\u00f3s ser atacada com golpes de faca no pesco\u00e7o.<br \/>\nAinda conforme a investiga\u00e7\u00e3o, o encontro no local do crime, um ponto de \u00f4nibus pr\u00f3ximo a uma rodovia, teria sido marcado pelo ex-companheiro. A v\u00edtima tamb\u00e9m reconheceu o autor do ataque por foto.<br \/>\nA arma utilizada no crime foi encontrada e apreendida pela pol\u00edcia.<br \/>\nPonto de \u00f4nibus em Guararema onde mulher foi esfaqueada<br \/>\nJo\u00e3o Belarmino\/ TV Di\u00e1rio<br \/>\nAssista a mais not\u00edcias do Alto Tiet\u00ea<\/div>\n","protected":false},"excerpt":{"rendered":"<p>R\u00e9us chegam na Secretaria Municipal de Emprego e Desenvolvimento Econ\u00f4mico Luiz Carlos Barradas\/TV Di\u00e1rio O j\u00fari popular dos tr\u00eas homens acusados de envolvimento na tentativa de homic\u00eddio de uma mulher &#8230;<\/p>\n","protected":false},"author":3,"featured_media":2020,"comment_status":"closed","ping_status":"closed","sticky":false,"template":"","format":"standard","meta":{"footnotes":""},"categories":[18],"tags":[],"class_list":["post-2019","post","type-post","status-publish","format-standard","has-post-thumbnail","hentry","category-g1"],"_links":{"self":[{"href":"https:\/\/tvdiario.com.br\/comercial\/wp-json\/wp\/v2\/posts\/2019","targetHints":{"allow":["GET"]}}],"collection":[{"href":"https:\/\/tvdiario.com.br\/comercial\/wp-json\/wp\/v2\/posts"}],"about":[{"href":"https:\/\/tvdiario.com.br\/comercial\/wp-json\/wp\/v2\/types\/post"}],"author":[{"embeddable":true,"href":"https:\/\/tvdiario.com.br\/comercial\/wp-json\/wp\/v2\/users\/3"}],"replies":[{"embeddable":true,"href":"https:\/\/tvdiario.com.br\/comercial\/wp-json\/wp\/v2\/comments?post=2019"}],"version-history":[{"count":0,"href":"https:\/\/tvdiario.com.br\/comercial\/wp-json\/wp\/v2\/posts\/2019\/revisions"}],"wp:featuredmedia":[{"embeddable":true,"href":"https:\/\/tvdiario.com.br\/comercial\/wp-json\/wp\/v2\/media\/2020"}],"wp:attachment":[{"href":"https:\/\/tvdiario.com.br\/comercial\/wp-json\/wp\/v2\/media?parent=2019"}],"wp:term":[{"taxonomy":"category","embeddable":true,"href":"https:\/\/tvdiario.com.br\/comercial\/wp-json\/wp\/v2\/categories?post=2019"},{"taxonomy":"post_tag","embeddable":true,"href":"https:\/\/tvdiario.com.br\/comercial\/wp-json\/wp\/v2\/tags?post=2019"}],"curies":[{"name":"wp","href":"https:\/\/api.w.org\/{rel}","templated":true}]}}