{"id":2021,"date":"2026-03-17T18:48:57","date_gmt":"2026-03-17T21:48:57","guid":{"rendered":"https:\/\/tvdiario.com.br\/comercial\/transito-na-vila-nova-mogilar-em-mogi-muda-neste-sabado-veja-ruas-afetadas\/"},"modified":"2026-03-17T18:48:57","modified_gmt":"2026-03-17T21:48:57","slug":"transito-na-vila-nova-mogilar-em-mogi-muda-neste-sabado-veja-ruas-afetadas","status":"publish","type":"post","link":"https:\/\/tvdiario.com.br\/comercial\/transito-na-vila-nova-mogilar-em-mogi-muda-neste-sabado-veja-ruas-afetadas\/","title":{"rendered":"Tr\u00e2nsito na Vila Nova Mogilar, em Mogi, muda neste s\u00e1bado; veja ruas afetadas"},"content":{"rendered":"<div><img decoding=\"async\" src=\"https:\/\/tvdiario.com.br\/comercial\/wp-content\/uploads\/2026\/03\/whatsapp-image-2026-03-17-at-124835.jpeg\"><br \/>     Mogilar recebe altera\u00e7\u00f5es no tr\u00e2nsito<br \/>\nAs ruas e avenidas do bairro Vila Nova Mogilar, em Mogi das Cruzes, ter\u00e3o mudan\u00e7as no tr\u00e2nsito a partir deste s\u00e1bado (21). As altera\u00e7\u00f5es incluem novo sentido de vias, implanta\u00e7\u00e3o de sem\u00e1foro, ajustes no canteiro central e refor\u00e7o na sinaliza\u00e7\u00e3o.<br \/>\nSegundo a Prefeitura de Mogi das Cruzes, as mudan\u00e7as t\u00eam como objetivo organizar o tr\u00e2nsito, melhorar a fluidez do tr\u00e1fego e oferecer novas rotas aos motoristas.<br \/>\n\u2705 Clique para seguir o canal do g1 Mogi das Cruzes e Suzano no WhatsApp<br \/>\nAvenida Louraci Della Nina Tavares ter\u00e1 novo sentido<br \/>\nUma das principais altera\u00e7\u00f5es ser\u00e1 na Avenida Louraci Della Nina Tavares. O trecho entre a Rua Newton Straube e a Avenida Francisco Rodrigues Filho passar\u00e1 a ter sentido \u00fanico, em dire\u00e7\u00e3o \u00e0 Avenida Francisco Rodrigues Filho.<br \/>\nNo cruzamento, ser\u00e1 instalado um novo sem\u00e1foro para organizar o fluxo de ve\u00edculos. O canteiro central tamb\u00e9m ser\u00e1 removido.<br \/>\nCom a mudan\u00e7a, os motoristas poder\u00e3o fazer convers\u00f5es tanto no sentido de C\u00e9sar de Sousa quanto em dire\u00e7\u00e3o \u00e0 Pra\u00e7a Kazuo Kimura, conhecida como rotat\u00f3ria do Habib\u2019s. Confira:<br \/>\nMudan\u00e7as v\u00e3o mudar a convers\u00e3o do Mogilar<br \/>\nMapa \/ Google Maps \/ g1 Arte<br \/>\nA partir dessa altera\u00e7\u00e3o, o acesso ao bairro ser\u00e1 feito apenas pela Avenida Ant\u00f4nio de Almeida.<br \/>\nConvers\u00e3o ser\u00e1 proibida em outro ponto<br \/>\nA convers\u00e3o da Avenida Ant\u00f4nio de Almeida para a Avenida Francisco Rodrigues Filho, no sentido C\u00e9sar de Sousa, ser\u00e1 proibida. Para impedir a manobra, parte do canteiro central ser\u00e1 ampliada. Com isso, os motoristas dever\u00e3o utilizar a nova convers\u00e3o na Avenida Louraci Della Nina Tavares.<br \/>\nCanteiro central ser\u00e1 extendido, fechando a convers\u00e3o para o Mogilar<br \/>\nMapa \/ Google Maps \/ Arte g1<br \/>\nA Prefeitura tamb\u00e9m orienta uma rota alternativa para quem segue em dire\u00e7\u00e3o ao Centro ou \u00e0 rodovia Mogi-Dutra. O trajeto sugerido \u00e9 entrar na Avenida Ant\u00f4nio de Almeida, seguir pela Rua Newton Straube e acessar a Avenida Yoshiteru Onishi.<br \/>\nMotoristas devem redobrar aten\u00e7\u00e3o<br \/>\nA Prefeitura informou ainda que toda a regi\u00e3o receber\u00e1 refor\u00e7o na sinaliza\u00e7\u00e3o horizontal e vertical. A recomenda\u00e7\u00e3o \u00e9 que os motoristas redobrem a aten\u00e7\u00e3o ao passar pelo local nos primeiros dias ap\u00f3s as mudan\u00e7as.<br \/>\nCanteiro central da avenida j\u00e1 foi removido para a cria\u00e7\u00e3o do novo trajeto<br \/>\nAlessandro Batata\/TV Di\u00e1rio<br \/>\nAssista a mais not\u00edcias sobre o Alto Tiet\u00ea<\/div>\n","protected":false},"excerpt":{"rendered":"<p>Mogilar recebe altera\u00e7\u00f5es no tr\u00e2nsito As ruas e avenidas do bairro Vila Nova Mogilar, em Mogi das Cruzes, ter\u00e3o mudan\u00e7as no tr\u00e2nsito a partir deste s\u00e1bado (21). As altera\u00e7\u00f5es incluem &#8230;<\/p>\n","protected":false},"author":3,"featured_media":2022,"comment_status":"closed","ping_status":"closed","sticky":false,"template":"","format":"standard","meta":{"footnotes":""},"categories":[18],"tags":[],"class_list":["post-2021","post","type-post","status-publish","format-standard","has-post-thumbnail","hentry","category-g1"],"_links":{"self":[{"href":"https:\/\/tvdiario.com.br\/comercial\/wp-json\/wp\/v2\/posts\/2021","targetHints":{"allow":["GET"]}}],"collection":[{"href":"https:\/\/tvdiario.com.br\/comercial\/wp-json\/wp\/v2\/posts"}],"about":[{"href":"https:\/\/tvdiario.com.br\/comercial\/wp-json\/wp\/v2\/types\/post"}],"author":[{"embeddable":true,"href":"https:\/\/tvdiario.com.br\/comercial\/wp-json\/wp\/v2\/users\/3"}],"replies":[{"embeddable":true,"href":"https:\/\/tvdiario.com.br\/comercial\/wp-json\/wp\/v2\/comments?post=2021"}],"version-history":[{"count":0,"href":"https:\/\/tvdiario.com.br\/comercial\/wp-json\/wp\/v2\/posts\/2021\/revisions"}],"wp:featuredmedia":[{"embeddable":true,"href":"https:\/\/tvdiario.com.br\/comercial\/wp-json\/wp\/v2\/media\/2022"}],"wp:attachment":[{"href":"https:\/\/tvdiario.com.br\/comercial\/wp-json\/wp\/v2\/media?parent=2021"}],"wp:term":[{"taxonomy":"category","embeddable":true,"href":"https:\/\/tvdiario.com.br\/comercial\/wp-json\/wp\/v2\/categories?post=2021"},{"taxonomy":"post_tag","embeddable":true,"href":"https:\/\/tvdiario.com.br\/comercial\/wp-json\/wp\/v2\/tags?post=2021"}],"curies":[{"name":"wp","href":"https:\/\/api.w.org\/{rel}","templated":true}]}}