{"id":2023,"date":"2026-03-17T21:34:55","date_gmt":"2026-03-18T00:34:55","guid":{"rendered":"https:\/\/tvdiario.com.br\/comercial\/juri-de-acusados-de-tentar-matar-gravida-em-guararema-e-suspenso\/"},"modified":"2026-03-17T21:34:55","modified_gmt":"2026-03-18T00:34:55","slug":"juri-de-acusados-de-tentar-matar-gravida-em-guararema-e-suspenso","status":"publish","type":"post","link":"https:\/\/tvdiario.com.br\/comercial\/juri-de-acusados-de-tentar-matar-gravida-em-guararema-e-suspenso\/","title":{"rendered":"J\u00fari de acusados de tentar matar gr\u00e1vida em Guararema \u00e9 suspenso"},"content":{"rendered":"<div><img decoding=\"async\" src=\"https:\/\/s2-g1.glbimg.com\/hwfOaBy-bv6C_yamcM-17TR2fyg=\/i.s3.glbimg.com\/v1\/AUTH_59edd422c0c84a879bd37670ae4f538a\/internal_photos\/bs\/2024\/g\/v\/eeDn1NSjyycnlvuTlUnA\/mulher-guararema-joao-belarmino.jpg\"><br \/>     Tr\u00eas homens s\u00e3o julgados por tentativa de feminic\u00eddio em Guararema<br \/>\nO j\u00fari popular dos tr\u00eas homens acusados de envolvimento na tentativa de homic\u00eddio de uma mulher em Guararema foi suspenso por volta das 18h desta ter\u00e7a-feira (17). A sess\u00e3o deve ser retomada nesta quarta-feira (18), quando ocorrer\u00e3o os debates entre a acusa\u00e7\u00e3o e a defesa.<br \/>\nA v\u00edtima, de 39 anos, foi encontrada ferida no dia 11 de fevereiro de 2024, em Guararema, ap\u00f3s ficar desaparecida desde o dia 9.<br \/>\nOs r\u00e9us s\u00e3o defendidos por advogados particulares e pela Defensoria P\u00fablica. A acusa\u00e7\u00e3o \u00e9 conduzida pelo promotor de Justi\u00e7a Leonardo Dantas Costa.<br \/>\nO julgamento come\u00e7ou por volta das 10h50  e foi realizado na Secretaria Municipal de Emprego e Desenvolvimento Econ\u00f4mico (Semede), em Guararema.<br \/>\nOs r\u00e9us chegaram ao local por volta das 9h30. J\u00e1 o sorteio dos jurados teve in\u00edcio por volta das 10h20.<br \/>\n\u2705 Clique para seguir o canal do g1 Mogi das Cruzes e Suzano no WhatsApp<br \/>\nA sess\u00e3o ocorre na Semede porque o F\u00f3rum de Guararema n\u00e3o comporta um j\u00fari desse porte, com grande n\u00famero de participantes, entre r\u00e9us, advogados e testemunhas.<br \/>\nRespondem pelo crime Luciano Rodrigo dos Santos, ex-companheiro da v\u00edtima, apontado como mandante, e Adriano Augusto de Lima e Rodrigo Costa Ramos, acusados de participa\u00e7\u00e3o na tentativa de homic\u00eddio. Todos est\u00e3o presos.<br \/>\nAdriano Augusto de Lima foi o primeiro dos tr\u00eas r\u00e9us a ser ouvido pelo j\u00fari. Ele afirmou estar arrependido e pediu perd\u00e3o \u00e0 v\u00edtima.<br \/>\nDurante o depoimento, Lima admitiu ter participado do ataque e apontou Luciano Rodrigo dos Santos como mentor intelectual do crime.<br \/>\nSegundo Lima, Luciano se aproveitou de um momento de fragilidade dele para envolv\u00ea-lo no crime. Ele afirmou ainda que, no dia do ataque, havia consumido muita droga e que n\u00e3o se lembrava de ter ferido a v\u00edtima no pesco\u00e7o.<br \/>\nRelembre o caso<br \/>\ng1: homens s\u00e3o detidos por tentativa de feminic\u00eddio em Guararema<br \/>\nA v\u00edtima, de 39 anos, foi encontrada ferida no dia 11 de fevereiro de 2024, em Guararema, ap\u00f3s ficar desaparecida desde o dia 9. Ela foi reconhecida por familiares e socorrida pelo Servi\u00e7o de Atendimento M\u00f3vel de Urg\u00eancia (Samu), sendo levada para um hospital em Mogi das Cruzes.<br \/>\nDe acordo com as investiga\u00e7\u00f5es, a mulher foi vista pela \u00faltima vez ao solicitar um carro de aplicativo.<br \/>\nDias depois, uma den\u00fancia an\u00f4nima levou \u00e0 identifica\u00e7\u00e3o de um suspeito, que foi localizado pela Pol\u00edcia Militar. Ele confessou o crime e afirmou que o ex-companheiro da v\u00edtima teria oferecido R$ 5 mil para cometer o assassinato.<br \/>\nSegundo a pol\u00edcia, a v\u00edtima estava gr\u00e1vida e perdeu o beb\u00ea ap\u00f3s ser atacada com golpes de faca no pesco\u00e7o.<br \/>\nAinda conforme a investiga\u00e7\u00e3o, o encontro no local do crime, um ponto de \u00f4nibus pr\u00f3ximo a uma rodovia, teria sido marcado pelo ex-companheiro. A v\u00edtima tamb\u00e9m reconheceu o autor do ataque por foto.<br \/>\nA arma utilizada no crime foi encontrada e apreendida pela pol\u00edcia.<br \/>\nPonto de \u00f4nibus em Guararema onde mulher foi esfaqueada<br \/>\nJo\u00e3o Belarmino\/ TV Di\u00e1rio<br \/>\nAssista a mais not\u00edcias do Alto Tiet\u00ea<\/div>\n","protected":false},"excerpt":{"rendered":"<p>Tr\u00eas homens s\u00e3o julgados por tentativa de feminic\u00eddio em Guararema O j\u00fari popular dos tr\u00eas homens acusados de envolvimento na tentativa de homic\u00eddio de uma mulher em Guararema foi suspenso &#8230;<\/p>\n","protected":false},"author":3,"featured_media":0,"comment_status":"closed","ping_status":"closed","sticky":false,"template":"","format":"standard","meta":{"footnotes":""},"categories":[18],"tags":[],"class_list":["post-2023","post","type-post","status-publish","format-standard","hentry","category-g1"],"_links":{"self":[{"href":"https:\/\/tvdiario.com.br\/comercial\/wp-json\/wp\/v2\/posts\/2023","targetHints":{"allow":["GET"]}}],"collection":[{"href":"https:\/\/tvdiario.com.br\/comercial\/wp-json\/wp\/v2\/posts"}],"about":[{"href":"https:\/\/tvdiario.com.br\/comercial\/wp-json\/wp\/v2\/types\/post"}],"author":[{"embeddable":true,"href":"https:\/\/tvdiario.com.br\/comercial\/wp-json\/wp\/v2\/users\/3"}],"replies":[{"embeddable":true,"href":"https:\/\/tvdiario.com.br\/comercial\/wp-json\/wp\/v2\/comments?post=2023"}],"version-history":[{"count":0,"href":"https:\/\/tvdiario.com.br\/comercial\/wp-json\/wp\/v2\/posts\/2023\/revisions"}],"wp:attachment":[{"href":"https:\/\/tvdiario.com.br\/comercial\/wp-json\/wp\/v2\/media?parent=2023"}],"wp:term":[{"taxonomy":"category","embeddable":true,"href":"https:\/\/tvdiario.com.br\/comercial\/wp-json\/wp\/v2\/categories?post=2023"},{"taxonomy":"post_tag","embeddable":true,"href":"https:\/\/tvdiario.com.br\/comercial\/wp-json\/wp\/v2\/tags?post=2023"}],"curies":[{"name":"wp","href":"https:\/\/api.w.org\/{rel}","templated":true}]}}