{"id":2026,"date":"2026-03-18T12:22:43","date_gmt":"2026-03-18T15:22:43","guid":{"rendered":"https:\/\/tvdiario.com.br\/comercial\/romaria-da-festa-do-divino-de-mogi-deve-reunir-mais-de-mil-fieis-em-aparecida-neste-sabado\/"},"modified":"2026-03-18T12:22:43","modified_gmt":"2026-03-18T15:22:43","slug":"romaria-da-festa-do-divino-de-mogi-deve-reunir-mais-de-mil-fieis-em-aparecida-neste-sabado","status":"publish","type":"post","link":"https:\/\/tvdiario.com.br\/comercial\/romaria-da-festa-do-divino-de-mogi-deve-reunir-mais-de-mil-fieis-em-aparecida-neste-sabado\/","title":{"rendered":"Romaria da Festa do Divino de Mogi deve reunir mais de mil fi\u00e9is em Aparecida neste s\u00e1bado"},"content":{"rendered":"<div><img decoding=\"async\" src=\"https:\/\/tvdiario.com.br\/comercial\/wp-content\/uploads\/2026\/03\/romariadivino-jccipullo.jpg\"><br \/>     Romaria da Festa do Divino de Mogi das Cruzes leva devotos at\u00e9 a Bas\u00edlica de Nossa Senhora Aparecida<br \/>\nJos\u00e9 Carlos Cipullo \/ Divulga\u00e7\u00e3o<br \/>\nFi\u00e9is de Mogi das Cruzes e regi\u00e3o se preparam para a 6\u00aa Romaria da Festa do Divino Esp\u00edrito Santo ao Santu\u00e1rio Nacional de Aparecida, que acontece neste s\u00e1bado (21).<br \/>\n\u2705 Clique para seguir o canal do g1 Mogi das Cruzes e Suzano no WhatsApp<br \/>\nA expectativa da organiza\u00e7\u00e3o \u00e9 reunir mais de mil devotos, considerando tamb\u00e9m os que seguir\u00e3o em ve\u00edculos particulares. A concentra\u00e7\u00e3o come\u00e7a cedo. Os 21 \u00f4nibus fretados t\u00eam sa\u00edda programada para as 5h, partindo de pontos estrat\u00e9gicos como:<br \/>\nC\u00e9sar de Sousa;<br \/>\nVila Cintra;<br \/>\nJardim Universo;<br \/>\nBr\u00e1s Cubas;<br \/>\nJundiapeba;<br \/>\nRegi\u00e3o Central;<br \/>\nSuzano.<br \/>\nAinda h\u00e1 vagas dispon\u00edveis. Os interessados podem garantir a participa\u00e7\u00e3o pelos telefones: (11) 99559-9440 (Sueli Braz) e (11) 4790-6835. Camisetas comemorativas opcionais est\u00e3o sendo vendidas por R$ 30.<br \/>\nPrograma\u00e7\u00e3o na Bas\u00edlica<br \/>\nA agenda na Bas\u00edlica foi pensada para acolher os romeiros durante todo o dia, com momentos de ora\u00e7\u00e3o e acessibilidade garantida (150 cadeiras exclusivas para idosos e PCDs).<br \/>\n7h45: Coroa do Divino;<br \/>\n9h: missa celebrada por Dom Pedro Luiz Stringhini, bispo da Diocese de Mogi, com transmiss\u00e3o pela TV Aparecida;<br \/>\n14h: Santo Ter\u00e7o com participa\u00e7\u00e3o dos romeiros (tamb\u00e9m com transmiss\u00e3o ao vivo).<br \/>\nTradi\u00e7\u00e3o e Simbolismo<br \/>\nA romaria deste ano carrega um significado especial por ocorrer no s\u00e1bado que antecede a Anuncia\u00e7\u00e3o de Nossa Senhora, ligando o an\u00fancio do Anjo Gabriel \u00e0 concep\u00e7\u00e3o de Jesus pelo Esp\u00edrito Santo.<br \/>\nA primeira edi\u00e7\u00e3o da romaria aconteceu em 2019. Nos anos de 2020 e 2021, o evento foi suspenso em raz\u00e3o da pandemia de Covid-19, sendo retomado em 2022.<br \/>\nFesta do Divino de 2026<br \/>\nEm 2026, a Festa do Divino em Mogi das Cruzes acontece entre os dias 14 e 24 de maio.<br \/>\nCom o tema \u201cDivino Esp\u00edrito Santo, fazei de n\u00f3s mensageiros da vossa Paz\u201d, a celebra\u00e7\u00e3o ser\u00e1 liderada pelos festeiros Ricardo Medina Alvarez e Maria de Lourdes Pereira da Silva Medina, e pelos capit\u00e3es-de- mastro Maur\u00edcio de Lima Ramos e Tavane Prado Rodrigues Ramos.<br \/>\nFesteiros da Festa do Divino de 2026 s\u00e3o anunciados em Mogi das Cruzes<br \/>\nAssista a mais not\u00edcias<\/div>\n","protected":false},"excerpt":{"rendered":"<p>Romaria da Festa do Divino de Mogi das Cruzes leva devotos at\u00e9 a Bas\u00edlica de Nossa Senhora Aparecida Jos\u00e9 Carlos Cipullo \/ Divulga\u00e7\u00e3o Fi\u00e9is de Mogi das Cruzes e regi\u00e3o &#8230;<\/p>\n","protected":false},"author":3,"featured_media":2027,"comment_status":"closed","ping_status":"closed","sticky":false,"template":"","format":"standard","meta":{"footnotes":""},"categories":[18],"tags":[],"class_list":["post-2026","post","type-post","status-publish","format-standard","has-post-thumbnail","hentry","category-g1"],"_links":{"self":[{"href":"https:\/\/tvdiario.com.br\/comercial\/wp-json\/wp\/v2\/posts\/2026","targetHints":{"allow":["GET"]}}],"collection":[{"href":"https:\/\/tvdiario.com.br\/comercial\/wp-json\/wp\/v2\/posts"}],"about":[{"href":"https:\/\/tvdiario.com.br\/comercial\/wp-json\/wp\/v2\/types\/post"}],"author":[{"embeddable":true,"href":"https:\/\/tvdiario.com.br\/comercial\/wp-json\/wp\/v2\/users\/3"}],"replies":[{"embeddable":true,"href":"https:\/\/tvdiario.com.br\/comercial\/wp-json\/wp\/v2\/comments?post=2026"}],"version-history":[{"count":0,"href":"https:\/\/tvdiario.com.br\/comercial\/wp-json\/wp\/v2\/posts\/2026\/revisions"}],"wp:featuredmedia":[{"embeddable":true,"href":"https:\/\/tvdiario.com.br\/comercial\/wp-json\/wp\/v2\/media\/2027"}],"wp:attachment":[{"href":"https:\/\/tvdiario.com.br\/comercial\/wp-json\/wp\/v2\/media?parent=2026"}],"wp:term":[{"taxonomy":"category","embeddable":true,"href":"https:\/\/tvdiario.com.br\/comercial\/wp-json\/wp\/v2\/categories?post=2026"},{"taxonomy":"post_tag","embeddable":true,"href":"https:\/\/tvdiario.com.br\/comercial\/wp-json\/wp\/v2\/tags?post=2026"}],"curies":[{"name":"wp","href":"https:\/\/api.w.org\/{rel}","templated":true}]}}