{"id":2028,"date":"2026-03-18T15:05:40","date_gmt":"2026-03-18T18:05:40","guid":{"rendered":"https:\/\/tvdiario.com.br\/comercial\/video-homem-e-esfaqueado-ao-menos-10-vezes-em-frente-a-escola-em-suzano\/"},"modified":"2026-03-18T15:05:40","modified_gmt":"2026-03-18T18:05:40","slug":"video-homem-e-esfaqueado-ao-menos-10-vezes-em-frente-a-escola-em-suzano","status":"publish","type":"post","link":"https:\/\/tvdiario.com.br\/comercial\/video-homem-e-esfaqueado-ao-menos-10-vezes-em-frente-a-escola-em-suzano\/","title":{"rendered":"V\u00cdDEO: Homem \u00e9 esfaqueado ao menos 10 vezes em frente a escola em Suzano"},"content":{"rendered":"<div><img decoding=\"async\" src=\"https:\/\/tvdiario.com.br\/comercial\/wp-content\/uploads\/2026\/03\/imagem-1-.png\"><br \/>     Homem \u00e9 esfaqueado ao menos 10 vezes em frente a escola de Suzano<br \/>\nUm homem de 47 anos foi esfaqueado na manh\u00e3 desta quarta-feira (18), em frente a uma escola municipal na rua Francisco Martinho, no bairro Cidade Boa Vista, em Suzano.<br \/>\nSegundo imagens do local, dois carros estavam parados na via quando os motoristas desceram. Em seguida, um deles, armado com uma faca, atacou o outro.<br \/>\n\u2705 Clique para seguir o canal do g1 Mogi das Cruzes e Suzano no WhatsApp<br \/>\nA v\u00edtima tentou fugir, mas foi alcan\u00e7ada e esfaqueada v\u00e1rias vezes. Mesmo depois de cair no ch\u00e3o, o agressor continuou os golpes. A grava\u00e7\u00e3o mostra ao menos 10 facadas.<br \/>\nUma mulher aparece nas imagens e tenta interromper o ataque. Ela conversa com o suspeito e, em seguida, os dois deixam o local de carro.<br \/>\nSegundo a Secretaria de Seguran\u00e7a P\u00fablica de S\u00e3o Paulo (SSP), a Pol\u00edcia Militar foi acionada e encontrou a v\u00edtima ferida no local. O Servi\u00e7o de Atendimento M\u00f3vel de Urg\u00eancia (Samu) prestou socorro e levou o homem para o Hospital e Maternidade de Suzano (HMS), onde ele permaneceu internado.<br \/>\nA Secretaria Municipal de Sa\u00fade informou que a equipe m\u00e9dica do HMS realizou atendimento imediato para estabiliza\u00e7\u00e3o do paciente e ele foi encaminhado com urg\u00eancia ao centro cir\u00fargico, onde passou por procedimento. &#8220;Atualmente, ele se encontra internado na Unidade de Terapia Intensiva (UTI), em estado cr\u00edtico, sob monitoramento cont\u00ednuo e acompanhamento da equipe multiprofissional.&#8221;<br \/>\nO suspeito n\u00e3o foi localizado at\u00e9 o momento. O caso foi registrado como tentativa de homic\u00eddio no 2\u00ba Distrito Policial de Suzano.<br \/>\nHomem esfaqueado em Suzano<br \/>\nDivulga\u00e7\u00e3o \/ PM<br \/>\nAssista a mais not\u00edcias sobre o Alto Tiet\u00ea<\/div>\n","protected":false},"excerpt":{"rendered":"<p>Homem \u00e9 esfaqueado ao menos 10 vezes em frente a escola de Suzano Um homem de 47 anos foi esfaqueado na manh\u00e3 desta quarta-feira (18), em frente a uma escola &#8230;<\/p>\n","protected":false},"author":3,"featured_media":2029,"comment_status":"closed","ping_status":"closed","sticky":false,"template":"","format":"standard","meta":{"footnotes":""},"categories":[18],"tags":[],"class_list":["post-2028","post","type-post","status-publish","format-standard","has-post-thumbnail","hentry","category-g1"],"_links":{"self":[{"href":"https:\/\/tvdiario.com.br\/comercial\/wp-json\/wp\/v2\/posts\/2028","targetHints":{"allow":["GET"]}}],"collection":[{"href":"https:\/\/tvdiario.com.br\/comercial\/wp-json\/wp\/v2\/posts"}],"about":[{"href":"https:\/\/tvdiario.com.br\/comercial\/wp-json\/wp\/v2\/types\/post"}],"author":[{"embeddable":true,"href":"https:\/\/tvdiario.com.br\/comercial\/wp-json\/wp\/v2\/users\/3"}],"replies":[{"embeddable":true,"href":"https:\/\/tvdiario.com.br\/comercial\/wp-json\/wp\/v2\/comments?post=2028"}],"version-history":[{"count":0,"href":"https:\/\/tvdiario.com.br\/comercial\/wp-json\/wp\/v2\/posts\/2028\/revisions"}],"wp:featuredmedia":[{"embeddable":true,"href":"https:\/\/tvdiario.com.br\/comercial\/wp-json\/wp\/v2\/media\/2029"}],"wp:attachment":[{"href":"https:\/\/tvdiario.com.br\/comercial\/wp-json\/wp\/v2\/media?parent=2028"}],"wp:term":[{"taxonomy":"category","embeddable":true,"href":"https:\/\/tvdiario.com.br\/comercial\/wp-json\/wp\/v2\/categories?post=2028"},{"taxonomy":"post_tag","embeddable":true,"href":"https:\/\/tvdiario.com.br\/comercial\/wp-json\/wp\/v2\/tags?post=2028"}],"curies":[{"name":"wp","href":"https:\/\/api.w.org\/{rel}","templated":true}]}}