{"id":2030,"date":"2026-03-18T18:11:04","date_gmt":"2026-03-18T21:11:04","guid":{"rendered":"https:\/\/tvdiario.com.br\/comercial\/primeiro-subimperio-da-festa-do-divino-e-aberto-em-mogi-das-cruzes\/"},"modified":"2026-03-18T18:11:04","modified_gmt":"2026-03-18T21:11:04","slug":"primeiro-subimperio-da-festa-do-divino-e-aberto-em-mogi-das-cruzes","status":"publish","type":"post","link":"https:\/\/tvdiario.com.br\/comercial\/primeiro-subimperio-da-festa-do-divino-e-aberto-em-mogi-das-cruzes\/","title":{"rendered":"Primeiro subimp\u00e9rio da Festa do Divino \u00e9 aberto em Mogi das Cruzes"},"content":{"rendered":"<div><img decoding=\"async\" src=\"https:\/\/tvdiario.com.br\/comercial\/wp-content\/uploads\/2026\/03\/dsc_0236.jpg\"><br \/>     Abertura do Primeiro Subimp\u00e9rio do Divino<br \/>\nO primeiro subimp\u00e9rio da Festa do Divino Esp\u00edrito Santo de Mogi das Cruzes foi aberto na manh\u00e3 desta quarta-feira (18). A montagem dos altares em casas, escolas, empresas e com\u00e9rcios \u00e9 uma tradi\u00e7\u00e3o que mobiliza a comunidade.<br \/>\nOs fi\u00e9is encheram a recep\u00e7\u00e3o da Faculdade Paulo VI no in\u00edcio das festividades em homenagem ao Divino Esp\u00edrito Santo. A abertura do primeiro subimp\u00e9rio \u00e9 um momento considerado simb\u00f3lico dentro da programa\u00e7\u00e3o da festa.<br \/>\n\u2705 Clique para seguir o canal do g1 Mogi das Cruzes e Suzano no WhatsApp<br \/>\n&#8220;Hoje a Festa do Divino come\u00e7a uma longa caminhada, que \u00e9 levar a bandeira \u00e0s diversas institui\u00e7\u00f5es, casas, fam\u00edlias e escolas da nossa cidade. O primeiro local a receber a visita, a bandeira e realizar a b\u00ean\u00e7\u00e3o do subimp\u00e9rio \u00e9 a Faculdade de Filosofia e Teologia Paulo VI. Essa celebra\u00e7\u00e3o j\u00e1 ocorre h\u00e1 mais de 20 anos, exatamente porque na Faculdade Paulo VI estudam seminaristas de todo o Alto Tiet\u00ea&#8221;, diz o Padre Thiago Cosmo.<br \/>\nA Festa do Divino Esp\u00edrito Santo de Mogi das Cruzes chega \u00e0 sua 413\u00aa edi\u00e7\u00e3o em 2026, e a programa\u00e7\u00e3o acontece entre 14 e 24 de maio.<br \/>\nNeste ano, os festeiros s\u00e3o Ricardo Medina Alvarez e Maria de Lourdes Pereira da Silva Medina, tendo como capit\u00e3es-de-mastro o casal Maur\u00edcio de Lima Ramos e Tavane Prado Rodrigues Ramos.<br \/>\n&#8220;Hoje \u00e9 o primeiro sinal concreto \u2014 n\u00e3o que outras coisas n\u00e3o estejam acontecendo, os jantares, os almo\u00e7os, as coroas que j\u00e1 v\u00eam acontecendo desde agosto do ano passado \u2014 mas hoje eu diria que \u00e9 o primeiro grande sinal de que a festa realmente est\u00e1 chegando, que \u00e9 o subimp\u00e9rio aqui na Faculdade Paulo VI. Ent\u00e3o, aqui \u00e9 um evento importante, determinante para come\u00e7ar a festa&#8221;, celebra o festeiro do Divino, Ricardo Medina.<br \/>\nQuem deseja montar seu pr\u00f3prio altar e receber a b\u00ean\u00e7\u00e3o com a presen\u00e7a da bandeira do Divino pode entrar em contato pelo telefone: 4790-6835.<br \/>\nTV Di\u00e1rio monta anualmente um subimp\u00e9rio do Divino em sua sede em Mogi das Cruzes<br \/>\nJamile Santana\/G1<br \/>\nAssista a mais not\u00edcias do Alto Tiet\u00ea<\/div>\n","protected":false},"excerpt":{"rendered":"<p>Abertura do Primeiro Subimp\u00e9rio do Divino O primeiro subimp\u00e9rio da Festa do Divino Esp\u00edrito Santo de Mogi das Cruzes foi aberto na manh\u00e3 desta quarta-feira (18). A montagem dos altares &#8230;<\/p>\n","protected":false},"author":3,"featured_media":2031,"comment_status":"closed","ping_status":"closed","sticky":false,"template":"","format":"standard","meta":{"footnotes":""},"categories":[18],"tags":[],"class_list":["post-2030","post","type-post","status-publish","format-standard","has-post-thumbnail","hentry","category-g1"],"_links":{"self":[{"href":"https:\/\/tvdiario.com.br\/comercial\/wp-json\/wp\/v2\/posts\/2030","targetHints":{"allow":["GET"]}}],"collection":[{"href":"https:\/\/tvdiario.com.br\/comercial\/wp-json\/wp\/v2\/posts"}],"about":[{"href":"https:\/\/tvdiario.com.br\/comercial\/wp-json\/wp\/v2\/types\/post"}],"author":[{"embeddable":true,"href":"https:\/\/tvdiario.com.br\/comercial\/wp-json\/wp\/v2\/users\/3"}],"replies":[{"embeddable":true,"href":"https:\/\/tvdiario.com.br\/comercial\/wp-json\/wp\/v2\/comments?post=2030"}],"version-history":[{"count":0,"href":"https:\/\/tvdiario.com.br\/comercial\/wp-json\/wp\/v2\/posts\/2030\/revisions"}],"wp:featuredmedia":[{"embeddable":true,"href":"https:\/\/tvdiario.com.br\/comercial\/wp-json\/wp\/v2\/media\/2031"}],"wp:attachment":[{"href":"https:\/\/tvdiario.com.br\/comercial\/wp-json\/wp\/v2\/media?parent=2030"}],"wp:term":[{"taxonomy":"category","embeddable":true,"href":"https:\/\/tvdiario.com.br\/comercial\/wp-json\/wp\/v2\/categories?post=2030"},{"taxonomy":"post_tag","embeddable":true,"href":"https:\/\/tvdiario.com.br\/comercial\/wp-json\/wp\/v2\/tags?post=2030"}],"curies":[{"name":"wp","href":"https:\/\/api.w.org\/{rel}","templated":true}]}}