{"id":2368,"date":"2026-04-04T21:40:55","date_gmt":"2026-04-05T00:40:55","guid":{"rendered":"https:\/\/tvdiario.com.br\/comercial\/chuva-forte-causa-alagamentos-e-deixa-ruas-intransitaveis-no-alto-tiete\/"},"modified":"2026-04-04T21:40:55","modified_gmt":"2026-04-05T00:40:55","slug":"chuva-forte-causa-alagamentos-e-deixa-ruas-intransitaveis-no-alto-tiete","status":"publish","type":"post","link":"https:\/\/tvdiario.com.br\/comercial\/chuva-forte-causa-alagamentos-e-deixa-ruas-intransitaveis-no-alto-tiete\/","title":{"rendered":"Chuva forte causa alagamentos e deixa ruas intransit\u00e1veis no Alto Tiet\u00ea"},"content":{"rendered":"<div><img decoding=\"async\" src=\"https:\/\/tvdiario.com.br\/comercial\/wp-content\/uploads\/2026\/04\/design-sem-nome-7-.jpg\"><br \/>     Ruas de Itaquaquecetuba e Ferraz de Vasconcelos ficaram alagadas<br \/>\nReprodu\u00e7\u00e3o\/TV Di\u00e1rio<br \/>\nA forte chuva que atingiu o Alto Tiet\u00ea na tarde deste s\u00e1bado (4) provocou pontos de alagamento em cidades como Itaquaquecetuba, Suzano e Ferraz de Vasconcelos. Moradores tamb\u00e9m receberam alerta da Defesa Civil nos celulares.<br \/>\nNa Rua Presidente Epit\u00e1cio, no Jardim Maragojipe, em Itaquaquecetuba, um v\u00eddeo feito pelo morador Juscelino Dur\u00e3es mostra a via completamente tomada pela \u00e1gua. O trecho ficou intransit\u00e1vel.<br \/>\n\u2705 Clique para seguir o canal do g1 Mogi das Cruzes e Suzano no WhatsApp<br \/>\nCom o alagamento, moradores enfrentaram dificuldades para sair ou voltar para casa. Em um dos registros, h\u00e1 o relato de um vizinho com defici\u00eancia que n\u00e3o conseguia entrar na resid\u00eancia por causa da \u00e1gua.<br \/>\nEm Ferraz de Vasconcelos, a for\u00e7a da enxurrada tamb\u00e9m chamou a aten\u00e7\u00e3o. Imagens feitas por Maria Guedes, na Rua F\u00e9lix Mazzuca, pr\u00f3xima \u00e0 esta\u00e7\u00e3o da CPTM, mostram o volume e a velocidade da \u00e1gua descendo pela via.<br \/>\nPor causa do risco de ser arrastada, a moradora precisou se abrigar em um ponto de t\u00e1xi at\u00e9 a chuva diminuir.<br \/>\nSegundo a Defesa Civil de Itaquaquecetuba, choveu 33 mil\u00edmetros na cidade. Uma equipe foi enviada ao local e levantou ind\u00edcios de que uma manuten\u00e7\u00e3o recente na rede, realizada pela Companhia de Saneamento B\u00e1sico do Estado de S\u00e3o Paulo (Sabesp), possa ter afetado o escoamento da \u00e1gua.<br \/>\nO \u00f3rg\u00e3o informou ainda que uma inspe\u00e7\u00e3o t\u00e9cnica conjunta com a Secretaria de Servi\u00e7os Urbanos est\u00e1 marcada para segunda-feira (6), para identificar as causas do problema e definir as medidas necess\u00e1rias.<br \/>\nA Sabesp informou que enviou uma equipe ao local para verificar se o caso \u00e9 de responsabilidade da Companhia. Caso seja, afirmou que tomar\u00e1 as medidas necess\u00e1rias para solucionar o problema.<br \/>\nJ\u00e1 em Ferraz de Vasconcelos, a Defesa Civil informou que o volume de chuva chegou a 42 mil\u00edmetros, com registros de inunda\u00e7\u00e3o em pontos como o Birut\u00e3o e \u00e1reas pr\u00f3ximas \u00e0 divisa com Guaianases.<br \/>\nDe acordo com o \u00f3rg\u00e3o, apesar da r\u00e1pida eleva\u00e7\u00e3o do n\u00edvel da \u00e1gua, o escoamento ocorreu em curto per\u00edodo. At\u00e9 o momento, n\u00e3o houve solicita\u00e7\u00f5es de atendimento pelo telefone 199.<br \/>\nAssista a mais not\u00edcias do Alto Tiet\u00ea<\/div>\n","protected":false},"excerpt":{"rendered":"<p>Ruas de Itaquaquecetuba e Ferraz de Vasconcelos ficaram alagadas Reprodu\u00e7\u00e3o\/TV Di\u00e1rio A forte chuva que atingiu o Alto Tiet\u00ea na tarde deste s\u00e1bado (4) provocou pontos de alagamento em cidades &#8230;<\/p>\n","protected":false},"author":3,"featured_media":2369,"comment_status":"closed","ping_status":"closed","sticky":false,"template":"","format":"standard","meta":{"footnotes":""},"categories":[18],"tags":[],"class_list":["post-2368","post","type-post","status-publish","format-standard","has-post-thumbnail","hentry","category-g1"],"_links":{"self":[{"href":"https:\/\/tvdiario.com.br\/comercial\/wp-json\/wp\/v2\/posts\/2368","targetHints":{"allow":["GET"]}}],"collection":[{"href":"https:\/\/tvdiario.com.br\/comercial\/wp-json\/wp\/v2\/posts"}],"about":[{"href":"https:\/\/tvdiario.com.br\/comercial\/wp-json\/wp\/v2\/types\/post"}],"author":[{"embeddable":true,"href":"https:\/\/tvdiario.com.br\/comercial\/wp-json\/wp\/v2\/users\/3"}],"replies":[{"embeddable":true,"href":"https:\/\/tvdiario.com.br\/comercial\/wp-json\/wp\/v2\/comments?post=2368"}],"version-history":[{"count":0,"href":"https:\/\/tvdiario.com.br\/comercial\/wp-json\/wp\/v2\/posts\/2368\/revisions"}],"wp:featuredmedia":[{"embeddable":true,"href":"https:\/\/tvdiario.com.br\/comercial\/wp-json\/wp\/v2\/media\/2369"}],"wp:attachment":[{"href":"https:\/\/tvdiario.com.br\/comercial\/wp-json\/wp\/v2\/media?parent=2368"}],"wp:term":[{"taxonomy":"category","embeddable":true,"href":"https:\/\/tvdiario.com.br\/comercial\/wp-json\/wp\/v2\/categories?post=2368"},{"taxonomy":"post_tag","embeddable":true,"href":"https:\/\/tvdiario.com.br\/comercial\/wp-json\/wp\/v2\/tags?post=2368"}],"curies":[{"name":"wp","href":"https:\/\/api.w.org\/{rel}","templated":true}]}}