{"id":2370,"date":"2026-04-05T15:45:16","date_gmt":"2026-04-05T18:45:16","guid":{"rendered":"https:\/\/tvdiario.com.br\/comercial\/mulher-de-33-anos-morre-apos-moto-cair-em-ribanceira-na-mogi-bertioga\/"},"modified":"2026-04-05T15:45:16","modified_gmt":"2026-04-05T18:45:16","slug":"mulher-de-33-anos-morre-apos-moto-cair-em-ribanceira-na-mogi-bertioga","status":"publish","type":"post","link":"https:\/\/tvdiario.com.br\/comercial\/mulher-de-33-anos-morre-apos-moto-cair-em-ribanceira-na-mogi-bertioga\/","title":{"rendered":"Mulher de 33 anos morre ap\u00f3s moto cair em ribanceira na Mogi-Bertioga"},"content":{"rendered":"<div><img decoding=\"async\" src=\"https:\/\/tvdiario.com.br\/comercial\/wp-content\/uploads\/2026\/04\/mogi-bertioga-arquivo.jpg\"><br \/>     Casal cai de ponte ap\u00f3s acidente na Mogi-Bertioga<br \/>\nUma mulher de 33 anos morreu no acidente de motocicleta registrado na tarde deste s\u00e1bado (4), na Rodovia Mogi-Bertioga (SP-098), em Biritiba-Mirim. A informa\u00e7\u00e3o foi confirmada pela Prefeitura de Bertioga.<br \/>\nSegundo a Secretaria de Seguran\u00e7a P\u00fablica (SSP), a v\u00edtima estava na garupa da moto, conduzida por um homem de 32 anos, quando o ve\u00edculo teria derrapado em uma curva, na altura do km 82. Com o impacto contra a mureta, os dois foram arremessados para uma ribanceira.<br \/>\n\u2705 Clique para seguir o canal do g1 Mogi das Cruzes e Suzano no WhatsApp<br \/>\nA Prefeitura de Bertioga informou que a v\u00edtima foi socorrida pelo Servi\u00e7o de Atendimento M\u00f3vel de Urg\u00eancia (Samu) e levada ao Hospital Municipal em estado grave.<br \/>\nDe acordo com o Instituto Nacional de Tecnologia e Sa\u00fade (INTS), respons\u00e1vel pela gest\u00e3o da unidade, ela recebeu atendimento imediato, com manobras de reanima\u00e7\u00e3o cardiopulmonar (RCP), mas n\u00e3o resistiu. A morte foi registrada no fim da tarde.<br \/>\nLEIA TAMB\u00c9M: Casal fica ferido ap\u00f3s moto perder controle e cair em barranco na Mogi-Bertioga<br \/>\nO acidente aconteceu no sentido litoral. Segundo a Pol\u00edcia Militar Rodovi\u00e1ria, o homem teve ferimentos leves e estava consciente no local.<br \/>\nAinda de acordo com a SSP, o condutor realizou o teste do baf\u00f4metro, que apontou resultado negativo para ingest\u00e3o de \u00e1lcool. A motocicleta foi apreendida para per\u00edcia.<br \/>\nO caso foi registrado como homic\u00eddio culposo e colis\u00e3o na dire\u00e7\u00e3o de ve\u00edculo automotor na Delegacia de Pol\u00edcia de Biritiba-Mirim.<br \/>\nA Concession\u00e1ria Novo Litoral (CNL), que administra a via, informou que a ocorr\u00eancia foi registrada por volta das 16h e envolveu o choque da motocicleta contra a barreira. Ainda segundo a concession\u00e1ria, o tr\u00e2nsito no trecho n\u00e3o foi afetado e seguiu normalmente.<br \/>\nAcidente aconteceu na Mogi-Bertioga neste s\u00e1bado (4)<br \/>\nArquivo\/TV Di\u00e1rio<br \/>\nAssista a mais not\u00edcias do Alto Tiet\u00ea<\/div>\n","protected":false},"excerpt":{"rendered":"<p>Casal cai de ponte ap\u00f3s acidente na Mogi-Bertioga Uma mulher de 33 anos morreu no acidente de motocicleta registrado na tarde deste s\u00e1bado (4), na Rodovia Mogi-Bertioga (SP-098), em Biritiba-Mirim. &#8230;<\/p>\n","protected":false},"author":3,"featured_media":2371,"comment_status":"closed","ping_status":"closed","sticky":false,"template":"","format":"standard","meta":{"footnotes":""},"categories":[18],"tags":[],"class_list":["post-2370","post","type-post","status-publish","format-standard","has-post-thumbnail","hentry","category-g1"],"_links":{"self":[{"href":"https:\/\/tvdiario.com.br\/comercial\/wp-json\/wp\/v2\/posts\/2370","targetHints":{"allow":["GET"]}}],"collection":[{"href":"https:\/\/tvdiario.com.br\/comercial\/wp-json\/wp\/v2\/posts"}],"about":[{"href":"https:\/\/tvdiario.com.br\/comercial\/wp-json\/wp\/v2\/types\/post"}],"author":[{"embeddable":true,"href":"https:\/\/tvdiario.com.br\/comercial\/wp-json\/wp\/v2\/users\/3"}],"replies":[{"embeddable":true,"href":"https:\/\/tvdiario.com.br\/comercial\/wp-json\/wp\/v2\/comments?post=2370"}],"version-history":[{"count":0,"href":"https:\/\/tvdiario.com.br\/comercial\/wp-json\/wp\/v2\/posts\/2370\/revisions"}],"wp:featuredmedia":[{"embeddable":true,"href":"https:\/\/tvdiario.com.br\/comercial\/wp-json\/wp\/v2\/media\/2371"}],"wp:attachment":[{"href":"https:\/\/tvdiario.com.br\/comercial\/wp-json\/wp\/v2\/media?parent=2370"}],"wp:term":[{"taxonomy":"category","embeddable":true,"href":"https:\/\/tvdiario.com.br\/comercial\/wp-json\/wp\/v2\/categories?post=2370"},{"taxonomy":"post_tag","embeddable":true,"href":"https:\/\/tvdiario.com.br\/comercial\/wp-json\/wp\/v2\/tags?post=2370"}],"curies":[{"name":"wp","href":"https:\/\/api.w.org\/{rel}","templated":true}]}}