{"id":2372,"date":"2026-04-05T18:15:12","date_gmt":"2026-04-05T21:15:12","guid":{"rendered":"https:\/\/tvdiario.com.br\/comercial\/transito-intenso-marca-volta-do-feriado-na-mogi-bertioga-neste-domingo\/"},"modified":"2026-04-05T18:15:12","modified_gmt":"2026-04-05T21:15:12","slug":"transito-intenso-marca-volta-do-feriado-na-mogi-bertioga-neste-domingo","status":"publish","type":"post","link":"https:\/\/tvdiario.com.br\/comercial\/transito-intenso-marca-volta-do-feriado-na-mogi-bertioga-neste-domingo\/","title":{"rendered":"Tr\u00e2nsito intenso marca volta do feriado na Mogi-Bertioga neste domingo"},"content":{"rendered":"<div><img decoding=\"async\" src=\"https:\/\/tvdiario.com.br\/comercial\/wp-content\/uploads\/2026\/04\/mogi-bertioga0201-batata.jpg\"><br \/>     Mogi-Bertioga tem tr\u00e2nsito intenso no retorno do feriado<br \/>\nAlessandro Batata\/TV Di\u00e1rio<br \/>\nO tr\u00e2nsito na Rodovia Mogi-Bertioga (SP-098) est\u00e1 intenso na volta do feriado neste domingo (5). Segundo aplicativos de GPS, o tempo estimado de viagem de Bertioga at\u00e9 Mogi das Cruzes \u00e9 de cerca de 1h30.<br \/>\nDe acordo com a Concession\u00e1ria Novo Litoral (CNL), o movimento aumentou a partir das 12h. Nesta tarde, o tr\u00e1fego \u00e9 mais carregado entre os quil\u00f4metros 69 e 83, no sentido Mogi das Cruzes. N\u00e3o h\u00e1 registro de acidentes.<br \/>\n\u2705 Clique para seguir o canal do g1 Mogi das Cruzes e Suzano no WhatsApp<br \/>\nDesde quinta-feira (2), est\u00e1 em opera\u00e7\u00e3o o Plano Operacional Especial (POE) dos feriados da Paix\u00e3o de Cristo e P\u00e1scoa. A expectativa da concession\u00e1ria \u00e9 de que mais de 70 mil ve\u00edculos devem passar pela Mogi-Bertioga durante o feriado prolongado, at\u00e9 esta segunda-feira (6).<br \/>\nLEIA TAMB\u00c9M: Mulher de 33 anos morre ap\u00f3s moto cair em ribanceira na Mogi-Bertioga<br \/>\nCasal cai de ponte ap\u00f3s acidente na Mogi-Bertioga<br \/>\nA concession\u00e1ria orienta que motoristas acompanhem as condi\u00e7\u00f5es de tr\u00e2nsito antes de pegar a estrada. Informa\u00e7\u00f5es atualizadas podem ser obtidas pelo telefone 0800 098 88 55.<br \/>\nAssista a mais not\u00edcias do Alto Tiet\u00ea<\/div>\n","protected":false},"excerpt":{"rendered":"<p>Mogi-Bertioga tem tr\u00e2nsito intenso no retorno do feriado Alessandro Batata\/TV Di\u00e1rio O tr\u00e2nsito na Rodovia Mogi-Bertioga (SP-098) est\u00e1 intenso na volta do feriado neste domingo (5). Segundo aplicativos de GPS, &#8230;<\/p>\n","protected":false},"author":3,"featured_media":2373,"comment_status":"closed","ping_status":"closed","sticky":false,"template":"","format":"standard","meta":{"footnotes":""},"categories":[18],"tags":[],"class_list":["post-2372","post","type-post","status-publish","format-standard","has-post-thumbnail","hentry","category-g1"],"_links":{"self":[{"href":"https:\/\/tvdiario.com.br\/comercial\/wp-json\/wp\/v2\/posts\/2372","targetHints":{"allow":["GET"]}}],"collection":[{"href":"https:\/\/tvdiario.com.br\/comercial\/wp-json\/wp\/v2\/posts"}],"about":[{"href":"https:\/\/tvdiario.com.br\/comercial\/wp-json\/wp\/v2\/types\/post"}],"author":[{"embeddable":true,"href":"https:\/\/tvdiario.com.br\/comercial\/wp-json\/wp\/v2\/users\/3"}],"replies":[{"embeddable":true,"href":"https:\/\/tvdiario.com.br\/comercial\/wp-json\/wp\/v2\/comments?post=2372"}],"version-history":[{"count":0,"href":"https:\/\/tvdiario.com.br\/comercial\/wp-json\/wp\/v2\/posts\/2372\/revisions"}],"wp:featuredmedia":[{"embeddable":true,"href":"https:\/\/tvdiario.com.br\/comercial\/wp-json\/wp\/v2\/media\/2373"}],"wp:attachment":[{"href":"https:\/\/tvdiario.com.br\/comercial\/wp-json\/wp\/v2\/media?parent=2372"}],"wp:term":[{"taxonomy":"category","embeddable":true,"href":"https:\/\/tvdiario.com.br\/comercial\/wp-json\/wp\/v2\/categories?post=2372"},{"taxonomy":"post_tag","embeddable":true,"href":"https:\/\/tvdiario.com.br\/comercial\/wp-json\/wp\/v2\/tags?post=2372"}],"curies":[{"name":"wp","href":"https:\/\/api.w.org\/{rel}","templated":true}]}}