{"id":2374,"date":"2026-04-06T09:31:59","date_gmt":"2026-04-06T12:31:59","guid":{"rendered":"https:\/\/tvdiario.com.br\/comercial\/alto-tiete-tem-mais-de-21-mil-vagas-de-emprego-nesta-segunda-feira-veja-lista\/"},"modified":"2026-04-06T09:31:59","modified_gmt":"2026-04-06T12:31:59","slug":"alto-tiete-tem-mais-de-21-mil-vagas-de-emprego-nesta-segunda-feira-veja-lista","status":"publish","type":"post","link":"https:\/\/tvdiario.com.br\/comercial\/alto-tiete-tem-mais-de-21-mil-vagas-de-emprego-nesta-segunda-feira-veja-lista\/","title":{"rendered":"Alto Tiet\u00ea tem mais de 2,1 mil vagas de emprego nesta segunda-feira; veja lista"},"content":{"rendered":"<div><img decoding=\"async\" src=\"https:\/\/tvdiario.com.br\/comercial\/wp-content\/uploads\/2026\/04\/design-sem-nome-6-.png\"><br \/>     Alto Tiet\u00ea tem 2.120 vagas de emprego<br \/>\nDivulga\u00e7\u00e3o \/ PMMC<br \/>\nO Alto Tiet\u00ea tem 2.120 vagas de emprego nesta segunda-feira (6). As oportunidades est\u00e3o em Mogi das Cruzes,  Itaquaquecetuba, Guararema e Aruj\u00e1.  (confira a lista completa abaixo).<br \/>\n\u2705 Clique para seguir o canal do g1 Mogi das Cruzes e Suzano no WhatsApp<br \/>\nAs vagas s\u00e3o para diversas \u00e1reas de atua\u00e7\u00e3o e diferentes graus de escolaridade. Elas s\u00e3o oferecidas pelos programas municipais das cidades. Os interessados podem se candidatar tanto online quanto presencialmente.<br \/>\nMogi das Cruzes<br \/>\nEm Mogi das Cruzes s\u00e3o 812 vagas e os interessados devem acessar a plataforma Mogi Conecta para se candidatar e saber mais detalhes.<br \/>\nClique aqui para acessar a plataforma<br \/>\nMais informa\u00e7\u00f5es pelos telefones 4699-1900, 4699-2784 ou 4798-6315.<br \/>\nVagas dispon\u00edveis em Mogi das Cruzes<br \/>\nItaquaquecetuba<br \/>\nEm Itaquaquecetuba, o programa Itaqu\u00e1 Mais Emprego tem 947 vagas dispon\u00edveis para diversas \u00e1reas e escolaridades. Os interessados devem cadastrar o seu curr\u00edculo pelo formul\u00e1rio disponibilizado pela prefeitura para se candidatar para as vagas.<br \/>\nCadastre seu curr\u00edculo e candidate-se<br \/>\nAl\u00e9m do atendimento online, os interessados podem comparecer na sede do programa, que fica na rua Dom Thomaz Frey, 89, Centro.<br \/>\nVagas dispon\u00edveis no Itaqu\u00e1 Mais Emprego<br \/>\nVeja os v\u00eddeos que est\u00e3o em alta no g1<br \/>\nGuararema<br \/>\nO Servi\u00e7o de Atendimento ao Trabalhador (SAT) tem 264 vagas de emprego nesta segunda-feira (6). Os  interessados podem se candidatar por meio da plataforma da prefeitura.<br \/>\nClique aqui para se cadastrar;<br \/>\nOs postos de trabalho s\u00e3o nas \u00e1reas de ajudante geral, balconista, est\u00e1gio, faxineiro, entre outros. Veja a tabela com alguns destaques:<br \/>\nVagas em Guararema<br \/>\nA Secretaria Municipal de Emprego e Desenvolvimento Econ\u00f4mico, respons\u00e1vel pelo programa, fica na rua 19 de Setembro, 127, no Centro. Em caso de d\u00favidas e para mais informa\u00e7\u00f5es, os telefones s\u00e3o 4693-1717 ou 4693-143.<br \/>\nAruj\u00e1<br \/>\nO programa Aruj\u00e1 Emprega oferece 97 vagas e os interessados devem se cadastrar pelo site da plataforma para participar e saber mais detalhes.<br \/>\nClique aqui para se cadastrar;<br \/>\nA sede do programa Aruj\u00e1 Emprega fica na rua Adhemar de Barros, 60, no Jardim Modelo.<br \/>\nEm caso de d\u00favidas e para mais informa\u00e7\u00f5es, o telefone \u00e9 o 4653-4057.<br \/>\nVagas dispon\u00edveis em Aruj\u00e1<br \/>\nAssista a mais not\u00edcias sobre o Alto Tiet\u00ea<\/div>\n","protected":false},"excerpt":{"rendered":"<p>Alto Tiet\u00ea tem 2.120 vagas de emprego Divulga\u00e7\u00e3o \/ PMMC O Alto Tiet\u00ea tem 2.120 vagas de emprego nesta segunda-feira (6). As oportunidades est\u00e3o em Mogi das Cruzes, Itaquaquecetuba, Guararema &#8230;<\/p>\n","protected":false},"author":3,"featured_media":2375,"comment_status":"closed","ping_status":"closed","sticky":false,"template":"","format":"standard","meta":{"footnotes":""},"categories":[18],"tags":[],"class_list":["post-2374","post","type-post","status-publish","format-standard","has-post-thumbnail","hentry","category-g1"],"_links":{"self":[{"href":"https:\/\/tvdiario.com.br\/comercial\/wp-json\/wp\/v2\/posts\/2374","targetHints":{"allow":["GET"]}}],"collection":[{"href":"https:\/\/tvdiario.com.br\/comercial\/wp-json\/wp\/v2\/posts"}],"about":[{"href":"https:\/\/tvdiario.com.br\/comercial\/wp-json\/wp\/v2\/types\/post"}],"author":[{"embeddable":true,"href":"https:\/\/tvdiario.com.br\/comercial\/wp-json\/wp\/v2\/users\/3"}],"replies":[{"embeddable":true,"href":"https:\/\/tvdiario.com.br\/comercial\/wp-json\/wp\/v2\/comments?post=2374"}],"version-history":[{"count":0,"href":"https:\/\/tvdiario.com.br\/comercial\/wp-json\/wp\/v2\/posts\/2374\/revisions"}],"wp:featuredmedia":[{"embeddable":true,"href":"https:\/\/tvdiario.com.br\/comercial\/wp-json\/wp\/v2\/media\/2375"}],"wp:attachment":[{"href":"https:\/\/tvdiario.com.br\/comercial\/wp-json\/wp\/v2\/media?parent=2374"}],"wp:term":[{"taxonomy":"category","embeddable":true,"href":"https:\/\/tvdiario.com.br\/comercial\/wp-json\/wp\/v2\/categories?post=2374"},{"taxonomy":"post_tag","embeddable":true,"href":"https:\/\/tvdiario.com.br\/comercial\/wp-json\/wp\/v2\/tags?post=2374"}],"curies":[{"name":"wp","href":"https:\/\/api.w.org\/{rel}","templated":true}]}}