{"id":2376,"date":"2026-04-06T12:05:49","date_gmt":"2026-04-06T15:05:49","guid":{"rendered":"https:\/\/tvdiario.com.br\/comercial\/decola-jovem-amplia-atuacao-regionale-fortalece-acesso-a-educacao\/"},"modified":"2026-04-06T12:05:49","modified_gmt":"2026-04-06T15:05:49","slug":"decola-jovem-amplia-atuacao-regionale-fortalece-acesso-a-educacao","status":"publish","type":"post","link":"https:\/\/tvdiario.com.br\/comercial\/decola-jovem-amplia-atuacao-regionale-fortalece-acesso-a-educacao\/","title":{"rendered":"Decola Jovem amplia atua\u00e7\u00e3o regional\ne fortalece acesso \u00e0 educa\u00e7\u00e3o"},"content":{"rendered":"<div><img decoding=\"async\" src=\"https:\/\/tvdiario.com.br\/comercial\/wp-content\/uploads\/2026\/04\/imagem.jpeg\"><br \/>     O Decola Jovem inicia agora uma nova etapa de crescimento e amplia sua atua\u00e7\u00e3o para al\u00e9m de Mogi das Cruzes. Idealizado em 2022, em uma escola estadual do munic\u00edpio, o projeto passa a alcan\u00e7ar cidades do Vale do Para\u00edba e do Litoral Norte, promovendo o acesso de estudantes a oportunidades acad\u00eamicas e profissionais.<br \/>\nAo longo dos anos, o Decola Jovem tem se consolidado como uma iniciativa estrat\u00e9gica de conex\u00e3o entre escolas, institui\u00e7\u00f5es de ensino e o setor produtivo, voltada \u00e0 redu\u00e7\u00e3o das barreiras de acesso \u00e0 informa\u00e7\u00e3o e \u00e0 orienta\u00e7\u00e3o de carreira.<br \/>\nIdealizado por Malu Fernandes, mestre em Pol\u00edticas P\u00fablicas pela Funda\u00e7\u00e3o Get\u00falio Vargas (FGV), o projeto re\u00fane atualmente mais de 75 parceiros e conta com a participa\u00e7\u00e3o crescente de escolas p\u00fablicas e privadas.<br \/>\nDesde sua cria\u00e7\u00e3o, a iniciativa j\u00e1 impactou mais de 15 mil estudantes, com a viabiliza\u00e7\u00e3o de cerca de 400 bolsas de estudo, al\u00e9m da mobiliza\u00e7\u00e3o de mentores e volunt\u00e1rios. O p\u00fablico priorit\u00e1rio s\u00e3o jovens que enfrentam maiores limita\u00e7\u00f5es de acesso a oportunidades educacionais e profissionais.<br \/>\nPara Larissa Lindemberg, participante da edi\u00e7\u00e3o de 2024, o impacto foi direto. \u201cNaquele ano, fui contemplada com uma bolsa na \u00e1rea de enfermagem, o que foi determinante para a minha trajet\u00f3ria. Hoje curso o Ensino T\u00e9cnico e sigo motivada a avan\u00e7ar. O Decola cumpre seu papel com excel\u00eancia ao abrir caminhos reais para os estudantes\u201d, afirma.<br \/>\nA professora e ex-dirigente regional de ensino de Mogi das Cruzes, Maria Gerlania Sousa de Lima, destaca o alcance da iniciativa. \u201cA educa\u00e7\u00e3o transforma trajet\u00f3rias e o acesso amplia possibilidades. O Decola Jovem surge como uma resposta concreta para que nenhum estudante fique para tr\u00e1s por falta de oportunidade\u201d, ressalta.<br \/>\nAl\u00e9m da expans\u00e3o territorial, o projeto passa a atuar de forma cont\u00ednua por meio do Decola HUB, uma plataforma digital gratuita que re\u00fane conte\u00fados educacionais, orienta\u00e7\u00f5es de carreira e acesso a oportunidades, ampliando o alcance da iniciativa para al\u00e9m dos eventos presenciais.<br \/>\nCom a nova fase, o Decola Jovem refor\u00e7a seu posicionamento como um programa estruturado de impacto educacional, ampliando sua atua\u00e7\u00e3o regional e consolidando-se como uma ponte entre educa\u00e7\u00e3o e desenvolvimento profissional.<br \/>\n\u201cO Decola Jovem \u00e9 um evento que amplia as possibilidades do jovem que quer se desenvolver, seja no trabalho ou na profiss\u00e3o! \u00c9 ir al\u00e9m da sua realidade e descobrir novos horizontes\u201d, finaliza Giulia Pabline, curadora do evento.<\/div>\n","protected":false},"excerpt":{"rendered":"<p>O Decola Jovem inicia agora uma nova etapa de crescimento e amplia sua atua\u00e7\u00e3o para al\u00e9m de Mogi das Cruzes. Idealizado em 2022, em uma escola estadual do munic\u00edpio, o &#8230;<\/p>\n","protected":false},"author":3,"featured_media":2377,"comment_status":"closed","ping_status":"closed","sticky":false,"template":"","format":"standard","meta":{"footnotes":""},"categories":[18],"tags":[],"class_list":["post-2376","post","type-post","status-publish","format-standard","has-post-thumbnail","hentry","category-g1"],"_links":{"self":[{"href":"https:\/\/tvdiario.com.br\/comercial\/wp-json\/wp\/v2\/posts\/2376","targetHints":{"allow":["GET"]}}],"collection":[{"href":"https:\/\/tvdiario.com.br\/comercial\/wp-json\/wp\/v2\/posts"}],"about":[{"href":"https:\/\/tvdiario.com.br\/comercial\/wp-json\/wp\/v2\/types\/post"}],"author":[{"embeddable":true,"href":"https:\/\/tvdiario.com.br\/comercial\/wp-json\/wp\/v2\/users\/3"}],"replies":[{"embeddable":true,"href":"https:\/\/tvdiario.com.br\/comercial\/wp-json\/wp\/v2\/comments?post=2376"}],"version-history":[{"count":0,"href":"https:\/\/tvdiario.com.br\/comercial\/wp-json\/wp\/v2\/posts\/2376\/revisions"}],"wp:featuredmedia":[{"embeddable":true,"href":"https:\/\/tvdiario.com.br\/comercial\/wp-json\/wp\/v2\/media\/2377"}],"wp:attachment":[{"href":"https:\/\/tvdiario.com.br\/comercial\/wp-json\/wp\/v2\/media?parent=2376"}],"wp:term":[{"taxonomy":"category","embeddable":true,"href":"https:\/\/tvdiario.com.br\/comercial\/wp-json\/wp\/v2\/categories?post=2376"},{"taxonomy":"post_tag","embeddable":true,"href":"https:\/\/tvdiario.com.br\/comercial\/wp-json\/wp\/v2\/tags?post=2376"}],"curies":[{"name":"wp","href":"https:\/\/api.w.org\/{rel}","templated":true}]}}