{"id":2378,"date":"2026-04-06T15:11:36","date_gmt":"2026-04-06T18:11:36","guid":{"rendered":"https:\/\/tvdiario.com.br\/comercial\/adolescente-e-apreendido-apos-manter-motorista-refem-e-tentar-roubar-carro-em-mogi-das-cruzes\/"},"modified":"2026-04-06T15:11:36","modified_gmt":"2026-04-06T18:11:36","slug":"adolescente-e-apreendido-apos-manter-motorista-refem-e-tentar-roubar-carro-em-mogi-das-cruzes","status":"publish","type":"post","link":"https:\/\/tvdiario.com.br\/comercial\/adolescente-e-apreendido-apos-manter-motorista-refem-e-tentar-roubar-carro-em-mogi-das-cruzes\/","title":{"rendered":"Adolescente \u00e9 apreendido ap\u00f3s manter motorista ref\u00e9m e tentar roubar carro em Mogi das Cruzes"},"content":{"rendered":"<div><img decoding=\"async\" src=\"https:\/\/tvdiario.com.br\/comercial\/wp-content\/uploads\/2026\/04\/whatsapp-image-2025-08-07-at-11.jpg\"><br \/>     O caso foi registrado na Central de Flagrantes de Mogi das Cruzes<br \/>\nGuilherme Alves\/TV Di\u00e1rio<br \/>\nUm adolescente foi apreendido ap\u00f3s uma tentativa de roubo em que uma motorista foi feita ref\u00e9m no s\u00e1bado (5), na Avenida Francisco Ferreira Lopes, em Mogi das Cruzes.<br \/>\nSegundo a Pol\u00edcia Militar, a equipe foi acionada para atender uma ocorr\u00eancia em um posto de combust\u00edveis. No local, os policiais encontraram o adolescente detido por populares, que se dispersaram com a chegada da viatura.<br \/>\n\u2705 Clique para seguir o canal do g1 Mogi das Cruzes e Suzano no WhatsApp<br \/>\nDe acordo com a v\u00edtima, ela foi abordada em Suzano enquanto dirigia o carro. O adolescente teria entrado no banco traseiro do ve\u00edculo e feito amea\u00e7as, obrigando a condutora a seguir at\u00e9 Mogi das Cruzes, com a inten\u00e7\u00e3o de roubar o autom\u00f3vel.<br \/>\nVeja mais<br \/>\nVeja os v\u00eddeos que est\u00e3o em alta no g1<br \/>\nAinda segundo o relato, ao chegar nas proximidades do posto de combust\u00edveis, a motorista conseguiu parar o ve\u00edculo. Nesse momento, o adolescente tentou impedir a a\u00e7\u00e3o segurando o volante e o c\u00e2mbio. A v\u00edtima conseguiu pedir ajuda e foi socorrida por pessoas que estavam no local.<br \/>\nA ocorr\u00eancia foi encaminhada \u00e0 Central de Flagrantes, onde o caso foi registrado como ato infracional an\u00e1logo ao crime de roubo. O adolescente permaneceu apreendido e \u00e0 disposi\u00e7\u00e3o da Justi\u00e7a.<br \/>\nAssista a mais not\u00edcias do Alto Tiet\u00ea<\/div>\n","protected":false},"excerpt":{"rendered":"<p>O caso foi registrado na Central de Flagrantes de Mogi das Cruzes Guilherme Alves\/TV Di\u00e1rio Um adolescente foi apreendido ap\u00f3s uma tentativa de roubo em que uma motorista foi feita &#8230;<\/p>\n","protected":false},"author":3,"featured_media":2379,"comment_status":"closed","ping_status":"closed","sticky":false,"template":"","format":"standard","meta":{"footnotes":""},"categories":[18],"tags":[],"class_list":["post-2378","post","type-post","status-publish","format-standard","has-post-thumbnail","hentry","category-g1"],"_links":{"self":[{"href":"https:\/\/tvdiario.com.br\/comercial\/wp-json\/wp\/v2\/posts\/2378","targetHints":{"allow":["GET"]}}],"collection":[{"href":"https:\/\/tvdiario.com.br\/comercial\/wp-json\/wp\/v2\/posts"}],"about":[{"href":"https:\/\/tvdiario.com.br\/comercial\/wp-json\/wp\/v2\/types\/post"}],"author":[{"embeddable":true,"href":"https:\/\/tvdiario.com.br\/comercial\/wp-json\/wp\/v2\/users\/3"}],"replies":[{"embeddable":true,"href":"https:\/\/tvdiario.com.br\/comercial\/wp-json\/wp\/v2\/comments?post=2378"}],"version-history":[{"count":0,"href":"https:\/\/tvdiario.com.br\/comercial\/wp-json\/wp\/v2\/posts\/2378\/revisions"}],"wp:featuredmedia":[{"embeddable":true,"href":"https:\/\/tvdiario.com.br\/comercial\/wp-json\/wp\/v2\/media\/2379"}],"wp:attachment":[{"href":"https:\/\/tvdiario.com.br\/comercial\/wp-json\/wp\/v2\/media?parent=2378"}],"wp:term":[{"taxonomy":"category","embeddable":true,"href":"https:\/\/tvdiario.com.br\/comercial\/wp-json\/wp\/v2\/categories?post=2378"},{"taxonomy":"post_tag","embeddable":true,"href":"https:\/\/tvdiario.com.br\/comercial\/wp-json\/wp\/v2\/tags?post=2378"}],"curies":[{"name":"wp","href":"https:\/\/api.w.org\/{rel}","templated":true}]}}