{"id":2380,"date":"2026-04-06T21:03:19","date_gmt":"2026-04-07T00:03:19","guid":{"rendered":"https:\/\/tvdiario.com.br\/comercial\/gato-do-mato-e-encontrado-embaixo-de-carro-em-condominio-de-mogi-das-cruzes\/"},"modified":"2026-04-06T21:03:19","modified_gmt":"2026-04-07T00:03:19","slug":"gato-do-mato-e-encontrado-embaixo-de-carro-em-condominio-de-mogi-das-cruzes","status":"publish","type":"post","link":"https:\/\/tvdiario.com.br\/comercial\/gato-do-mato-e-encontrado-embaixo-de-carro-em-condominio-de-mogi-das-cruzes\/","title":{"rendered":"Gato-do-mato \u00e9 encontrado embaixo de carro em condom\u00ednio de Mogi das Cruzes"},"content":{"rendered":"<div><img decoding=\"async\" src=\"https:\/\/tvdiario.com.br\/comercial\/wp-content\/uploads\/2026\/04\/design-sem-nome-8-.jpg\"><br \/>     Gato-do-mato \u00e9 encontrado embaixo de carro em condom\u00ednio de Mogi das Cruzes<br \/>\nUm gato-do-mato foi encontrado por moradores em um condom\u00ednio no distrito de Jundiapeba, em Mogi das Cruzes, neste domingo (5). O animal foi resgatado pelo Centro de Controle de Zoonoses (CCZ) e solto nesta segunda-feira (6).<br \/>\nSegundo a prefeitura, o animal foi encontrado acuado embaixo de um ve\u00edculo dentro do condom\u00ednio. Equipes do CCZ foram acionadas e utilizaram um camb\u00e3o para retirar o gato-do-mato do local com seguran\u00e7a. O animal estava estressado por causa da movimenta\u00e7\u00e3o de pessoas.<br \/>\n\u2705 Clique para seguir o canal do g1 Mogi das Cruzes e Suzano no WhatsApp<br \/>\nAp\u00f3s o resgate, o gato-do-mato passou por avalia\u00e7\u00e3o veterin\u00e1ria, que constatou que ele estava em boas condi\u00e7\u00f5es de sa\u00fade. Por isso, foi feita a soltura em uma \u00e1rea de mata preservada pr\u00f3xima ao ponto onde ele foi encontrado.<br \/>\nGato-do-mato foi resgatado em condom\u00ednio de Mogi das Cruzes<br \/>\nDivulga\u00e7\u00e3o\/Prefeitura de Mogi das Cruzes<br \/>\nDe acordo com o veterin\u00e1rio Jefferson Leite, diretor do Departamento de Vigil\u00e2ncia em Sa\u00fade de Mogi das Cruzes, registros desse tipo de animal j\u00e1 ocorreram outras vezes na regi\u00e3o.<br \/>\n\u201cGato-do-mato \u00e9 relativamente comum na nossa regi\u00e3o. Ele n\u00e3o \u00e9 considerado perigoso, mas pode atacar se for acuado, porque \u00e9 um animal silvestre que n\u00e3o est\u00e1 acostumado com pessoas\u201d, explicou.<br \/>\nSegundo o veterin\u00e1rio, o animal provavelmente entrou no condom\u00ednio por acaso, possivelmente acuado por outro animal ou pela movimenta\u00e7\u00e3o de pessoas.<br \/>\nEle tamb\u00e9m orientou que a popula\u00e7\u00e3o n\u00e3o tente capturar animais silvestres por conta pr\u00f3pria.<br \/>\n\u201cEm casos assim, o ideal \u00e9 chamar a zoonose, bombeiros ou a pol\u00edcia ambiental para fazer a conten\u00e7\u00e3o adequada. A tentativa de captura pode causar ferimentos e h\u00e1 risco de transmiss\u00e3o de doen\u00e7as, como a raiva\u201d, afirmou.<br \/>\nAssista a mais not\u00edcias do Alto Tiet\u00ea<\/div>\n","protected":false},"excerpt":{"rendered":"<p>Gato-do-mato \u00e9 encontrado embaixo de carro em condom\u00ednio de Mogi das Cruzes Um gato-do-mato foi encontrado por moradores em um condom\u00ednio no distrito de Jundiapeba, em Mogi das Cruzes, neste &#8230;<\/p>\n","protected":false},"author":3,"featured_media":2381,"comment_status":"closed","ping_status":"closed","sticky":false,"template":"","format":"standard","meta":{"footnotes":""},"categories":[18],"tags":[],"class_list":["post-2380","post","type-post","status-publish","format-standard","has-post-thumbnail","hentry","category-g1"],"_links":{"self":[{"href":"https:\/\/tvdiario.com.br\/comercial\/wp-json\/wp\/v2\/posts\/2380","targetHints":{"allow":["GET"]}}],"collection":[{"href":"https:\/\/tvdiario.com.br\/comercial\/wp-json\/wp\/v2\/posts"}],"about":[{"href":"https:\/\/tvdiario.com.br\/comercial\/wp-json\/wp\/v2\/types\/post"}],"author":[{"embeddable":true,"href":"https:\/\/tvdiario.com.br\/comercial\/wp-json\/wp\/v2\/users\/3"}],"replies":[{"embeddable":true,"href":"https:\/\/tvdiario.com.br\/comercial\/wp-json\/wp\/v2\/comments?post=2380"}],"version-history":[{"count":0,"href":"https:\/\/tvdiario.com.br\/comercial\/wp-json\/wp\/v2\/posts\/2380\/revisions"}],"wp:featuredmedia":[{"embeddable":true,"href":"https:\/\/tvdiario.com.br\/comercial\/wp-json\/wp\/v2\/media\/2381"}],"wp:attachment":[{"href":"https:\/\/tvdiario.com.br\/comercial\/wp-json\/wp\/v2\/media?parent=2380"}],"wp:term":[{"taxonomy":"category","embeddable":true,"href":"https:\/\/tvdiario.com.br\/comercial\/wp-json\/wp\/v2\/categories?post=2380"},{"taxonomy":"post_tag","embeddable":true,"href":"https:\/\/tvdiario.com.br\/comercial\/wp-json\/wp\/v2\/tags?post=2380"}],"curies":[{"name":"wp","href":"https:\/\/api.w.org\/{rel}","templated":true}]}}